{"id":7706,"date":"2024-02-19T10:18:48","date_gmt":"2024-02-19T09:18:48","guid":{"rendered":"https:\/\/www.elektrofix.nl\/activation-de-bmw-apple-carplay\/"},"modified":"2024-03-20T11:20:21","modified_gmt":"2024-03-20T10:20:21","slug":"activation-de-bmw-apple-carplay","status":"publish","type":"post","link":"https:\/\/www.elektrofix.nl\/fr\/bmw-fr\/activation-de-bmw-apple-carplay\/","title":{"rendered":"Activation de BMW Apple CarPlay"},"content":{"rendered":"<p>[vc_row full_width=\u00a0\u00bbstretch_row\u00a0\u00bb css=\u00a0\u00bb.vc_custom_1612202182063{padding-top: 30px !important;padding-bottom: 15px !important;}\u00a0\u00bb][vc_column css=\u00a0\u00bb.vc_custom_1612180223540{padding-top: 0px !important;padding-bottom: 0px !important;}\u00a0\u00bb][vc_column_text]<\/p>\n<h2 class=\"title\" title=\"Bmw apple carplay activate evo id5 id6 navigation\">Besoin d&rsquo;Apple CarPlay ? Nous installons pour votre voiture BMW.<\/h2>\n<h5>4 juin &rsquo;21, 10:30<\/h5>\n<p>[\/vc_column_text][\/vc_column][\/vc_row][vc_row][vc_column][vc_row_inner equal_height=\u00a0\u00bbyes\u00a0\u00bb content_placement=\u00a0\u00bbtop\u00a0\u00bb css=\u00a0\u00bb.vc_custom_1619818272627{padding-top: 0px !important;padding-bottom: 0px !important;}\u00a0\u00bb][vc_column_inner width=\u00a0\u00bb5\/6&Prime; css=\u00a0\u00bb.vc_custom_1612180239327{padding-top: 0px !important;padding-bottom: 0px !important;}\u00a0\u00bb][vc_gallery type=\u00a0\u00bbflexslider_slide\u00a0\u00bb interval=\u00a0\u00bb5&Prime; images=\u00a0\u00bb888,886&Prime; img_size=\u00a0\u00bbfull\u00a0\u00bb onclick=\u00a0\u00bb\u00a0\u00bb][\/vc_column_inner][vc_column_inner width=\u00a0\u00bb1\/6&Prime; css=\u00a0\u00bb.vc_custom_1619818082326{padding-top: 0px !important;padding-bottom: 0px !important;}\u00a0\u00bb][vc_column_text]<\/p>\n<h2 style=\"font-size: 2rem; line-height: 1.1;\"><span class=\"bluec\">Sur<\/span> demande<\/h2>\n<p>[\/vc_column_text][vc_btn title=\u00a0\u00bbContacter\u00a0\u00bb style=\u00a0\u00bb3d\u00a0\u00bb color=\u00a0\u00bbprimary\u00a0\u00bb size=\u00a0\u00bbsm\u00a0\u00bb link=\u00a0\u00bburl:%2Ffr%2Fcontacter%2F|title:Contact|target:%20_blank|rel:nofollow\u00a0\u00bb][\/vc_column_inner][\/vc_row_inner][\/vc_column][\/vc_row][vc_row full_width=\u00a0\u00bbstretch_row\u00a0\u00bb css=\u00a0\u00bb.vc_custom_1612202018327{padding-top: 50px !important;padding-bottom: 15px !important;}\u00a0\u00bb][vc_column css=\u00a0\u00bb.vc_custom_1612180223540{padding-top: 0px !important;padding-bottom: 0px !important;}\u00a0\u00bb][vc_column_text]<\/p>\n<h2>Besoin d&rsquo;Apple CarPlay ? Nous activons votre BMW Apple Carplay<\/h2>\n<p>Voulez-vous que BMW Apple Carplay soit activ\u00e9 ? Elektrofix est heureux d&rsquo;installer Apple Carplay pour votre voiture BMW. Avec Apple Carplay, vous pouvez facilement utiliser de nombreuses applications sur votre iPhone tout en conduisant votre BMW. En fait, vous pouvez facilement utiliser votre iPhone via le syst\u00e8me BMW iDrive de votre BMW. Vous pouvez \u00e9galement utiliser des commandes vocales via Apple Siri. Dites ensuite \u00ab\u00a0Hey Siri\u00a0\u00bb ou appuyez sur le bouton vocal situ\u00e9 sur le volant pour activer Siri. C&rsquo;est aussi simple que cela ! Vous souhaitez donc acc\u00e9der \u00e0 de nombreuses fonctions de votre iPhone dans votre BMW ? Alors faites activer l&rsquo;Apple Carplay de BMW par Elektrofix !<br \/>\n[\/vc_column_text][vc_column_text]<\/p>\n<h2>Avantages de l&rsquo;activation de BMW Apple Carplay<\/h2>\n<p>En activant BMW Apple Carplay, vous pouvez utiliser vos applications pr\u00e9f\u00e9r\u00e9es tout en conduisant. Cela vous permet d&rsquo;acc\u00e9der aux services de t\u00e9l\u00e9phonie et aux applications de messagerie. Mais aussi aux meilleurs divertissements gr\u00e2ce \u00e0 Apple Music, aux podcasts et \u00e0 bien d&rsquo;autres choses encore. Votre iPhone sera connect\u00e9 sans fil. Le raccordement des c\u00e2bles appartient au pass\u00e9. Ainsi, vous pouvez facilement contr\u00f4ler votre iPhone en appuyant sur l&rsquo;\u00e9cran de contr\u00f4le ou en utilisant les commandes vocales d&rsquo;Apple Siri. De plus, les avantages de BMW Apple Carplay s&rsquo;activent :<\/p>\n<ul>\n<li>Navigation via Apple Maps, Google Maps et Waze<\/li>\n<li>Instructions de navigation Apple Maps dans l&rsquo;affichage t\u00eate haute BMW et le tableau de bord<\/li>\n<li>Affichage de la carte actuelle d&rsquo;Apple Maps dans le tableau de bord (BMW OS8)<\/li>\n<\/ul>\n<p>[\/vc_column_text][vc_column_text]<\/p>\n<h2>Ma BMW est-elle compatible avec Apple Carplay ?<\/h2>\n<p>Pour que BMW active Apple Carplay, les conditions suivantes doivent \u00eatre remplies :<\/p>\n<ul>\n<li>Une BMW fabriqu\u00e9e \u00e0 partir de juillet 2016 et dot\u00e9e de l&rsquo;\u00e9quipement optionnel pr\u00e9paration Apple Carplay ou int\u00e9gration Smartphone (SA 6CP).<\/li>\n<li>Une BMW avec l&rsquo;\u00e9quipement optionnel Connected Pack Plus (6C2) ou Connected Pack Professional (6C3\/4)<\/li>\n<li>Au moins un iPhone 5 avec iOS version 9.3 ou sup\u00e9rieure et un plan de donn\u00e9es actif<\/li>\n<li>Sur l&rsquo;iPhone, Siri, Wi-Fi et Bluetooth sont activ\u00e9s<\/li>\n<\/ul>\n<p>Veuillez noter que les exigences et la disponibilit\u00e9 peuvent varier d&rsquo;un pays \u00e0 l&rsquo;autre. Vous voulez vous assurer que votre BMW est compatible avec Apple Carplay ? N&rsquo;h\u00e9sitez pas \u00e0 nous interroger sur les possibilit\u00e9s qui s&rsquo;offrent \u00e0 vous. Le service Apple Carplay a toujours une dur\u00e9e illimit\u00e9e et est disponible en permanence dans votre BMW, si celle-ci est adapt\u00e9e.<\/p>\n<h2>Aucune antenne Wi-Fi n&rsquo;est pr\u00e9sente ?<\/h2>\n<p>Chez Elektrofix, nous pouvons vous installer une antenne wifi si elle n&rsquo;est pas pr\u00e9sente pour activer BWM Apple Carplay. Envoyez-nous un message si vous avez besoin d&rsquo;une antenne wifi pour connecter la voiture. 90 % des mod\u00e8les disposent d\u00e9j\u00e0 d&rsquo;une antenne Wi-Fi install\u00e9e en usine. Vous n&rsquo;\u00eates pas s\u00fbr de l&rsquo;avoir ? Dans ce cas, contactez-nous.<\/p>\n<h2>Curieux de conna\u00eetre les possibilit\u00e9s ? Prendre contact<\/h2>\n<p>Vous \u00eates curieux de conna\u00eetre les possibilit\u00e9s d&rsquo;activation de BMW Apple Carplay ? Les experts d&rsquo;Elektrofix sont l\u00e0 pour vous ! N&rsquo;h\u00e9sitez pas \u00e0 nous contacter pour plus d&rsquo;informations. Vous pouvez nous joindre par t\u00e9l\u00e9phone en appelant ou en envoyant un courriel au <a href=\"tel:0625387023\">06 &#8211; 25 38 70 23<\/a>. Bien entendu, vous pouvez \u00e9galement nous envoyer un courriel \u00e0 l&rsquo;adresse <a href=\"mailto:info@elektrofix.nl\">info@elektrofix.nl<\/a>.<br \/>\n[\/vc_column_text][vc_row_inner css=\u00a0\u00bb.vc_custom_1612260131186{padding-top: 0px !important;padding-bottom: 0px !important;}\u00a0\u00bb][vc_column_inner css=\u00a0\u00bb.vc_custom_1612180239327{padding-top: 0px !important;padding-bottom: 0px !important;}\u00a0\u00bb][vc_column_text]<u>Activation de l&rsquo;Apple carplay !<\/u><\/p>\n<h4 id=\"title\" class=\"title\" title=\"Bmw apple carplay activate evo id5 id6 navigation\">Bmw Apple CarPlay Activate evo id5 id6 navigation<\/h4>\n<p>&nbsp;<\/p>\n<p>Activation d&rsquo;Apple CarPlay \/ BMW Apple CarPlay Activation \/<br \/>\ndur\u00e9e de vie + plein \u00e9cran (seulement possible \u00e0 partir de 2016 navigation professionnelle Nbt evo id5 \/ id6) Bmw-Mini<\/p>\n<p>-VIM<br \/>\n-Miroir d&rsquo;\u00e9cran Android<br \/>\n-Applications BMW<br \/>\n-M chronom\u00e8tre<br \/>\n-Mise \u00e0 jour de la carte de navigation du FSC \u00e0 vie<br \/>\n-Personnalisation du menu de navigation de l&rsquo;Id5 \u00e0 l&rsquo;Id6<\/p>\n<p><strong>Installation d&rsquo;une antenne Wifi \u00e9galement possible si elle n&rsquo;est pas pr\u00e9sente<\/strong><\/p>\n<p>e60, e61, e63, e64, e70, e71, e81, e82, e84, e87, e88, e89, e90, e91, e93, f01, f02, f03, f04, f06, f07, f10, f11, f12, f15, f16, f18, f20, f21, f22, f23, f25, f26, f30, f31, f32, f33, f34, f35, f36, f45, f46, f55, f56, f80, f82, f83, f85, f86, f87, g11,g12, g30, g31, g32, mini.<\/p>\n<p>L&rsquo;activation Usb est disponible pour les firmwares commen\u00e7ant par l&rsquo;une de ces lettres. NBTevo_H, I, J, K, L, M, N, O,<\/p>\n<p>L&rsquo;activation Usb <strong>n&rsquo;<\/strong> est <strong>PAS<\/strong> disponible pour les firmwares commen\u00e7ant par l&rsquo;une de ces lettres. NBTevo_P, Q, R, S, U, V, W,<br \/>\n(Uniquement possible avec le c\u00e2ble enet via obd)<\/p>\n<p>Envoyez-nous d&rsquo;abord un message ou consultez nos autres articles pour des offres. Certains mod\u00e8les peuvent n\u00e9cessiter une antenne Wi-Fi pour connecter la voiture. 90 % des mod\u00e8les disposent d\u00e9j\u00e0 d&rsquo;une antenne Wi-Fi install\u00e9e en usine.<\/p>\n<p>Nous n&rsquo;avons besoin que des 7 derniers chiffres (Vin) du num\u00e9ro de ch\u00e2ssis et d&rsquo;une version de la carte pour g\u00e9n\u00e9rer le fichier.<\/p>\n<p>Laissez au vendeur le soin d&rsquo;indiquer comment trouver les versions de la carte,<\/p>\n<p>Aller \u00e0<br \/>\n<strong>NAVIGATION<\/strong> + s\u00e9lectionner + <strong>CARTE<\/strong> + appuyer sur la <strong>touche OPTION<\/strong>+ s\u00e9lectionner +<strong> PARAM\u00c8TRES NAVIGATION<\/strong> + faire d\u00e9filer jusqu&rsquo;\u00e0 <strong>LIEU et<\/strong> <strong>VERSION<\/strong> + s\u00e9lectionner <strong>INFORMATIONS VERSION<\/strong>,<\/p>\n<div><\/div>\n<div>Version \u00e9cran partag\u00e9 NBTevo_H, I, J, K, L, M,<\/div>\n<div><\/div>\n<div>\n<p>Version plein \u00e9cran NBTevo_N, O, P, Q, R, S, U, V, W<\/p>\n<\/div>\n<div><u>Nous r\u00e9parons \u00e9galement d&rsquo;autres marques d&rsquo;unit\u00e9s de navigation, de changeurs CD, DVD, etc. de presque toutes les marques de voitures.<\/u><\/div>\n<p>[\/vc_column_text][\/vc_column_inner][\/vc_row_inner][vc_btn title=\u00a0\u00bbPlus loin\u00a0\u00bb style=\u00a0\u00bb3d\u00a0\u00bb color=\u00a0\u00bbprimary\u00a0\u00bb link=\u00a0\u00bburl:%2Ffr%2Freparation-de-la-navigation-automobile%2F|title:Autonavigatie%20Reparatie|target:%20_blank|rel:nofollow\u00a0\u00bb][\/vc_column][\/vc_row][vc_row full_width=\u00a0\u00bbstretch_row\u00a0\u00bb css=\u00a0\u00bb.vc_custom_1612199972923{margin-top: 50px !important;margin-bottom: 50px !important;padding-top: 0px !important;padding-bottom: 0px !important;background-image: url(https:\/\/www.elektrofix.nl\/wp-content\/uploads\/pexels-ingo-joseph-13781-1.png?id=250) !important;background-position: center !important;background-repeat: no-repeat !important;background-size: cover !important;}\u00a0\u00bb el_class=\u00a0\u00bbcta-box\u00a0\u00bb][vc_column css=\u00a0\u00bb.vc_custom_1612180223540{padding-top: 0px !important;padding-bottom: 0px !important;}\u00a0\u00bb][vc_row_inner equal_height=\u00a0\u00bbyes\u00a0\u00bb content_placement=\u00a0\u00bbmiddle\u00a0\u00bb css=\u00a0\u00bb.vc_custom_1612260140510{padding-top: 0px !important;padding-bottom: 0px !important;}\u00a0\u00bb][vc_column_inner el_class=\u00a0\u00bbcta-gradient-box\u00a0\u00bb width=\u00a0\u00bb1\/2&Prime; css=\u00a0\u00bb.vc_custom_1612200066371{padding-top: 65px !important;padding-bottom: 35px !important;}\u00a0\u00bb][vc_column_text]<\/p>\n<h2>Curieux de savoir<br \/>\nles possibilit\u00e9s ?<\/h2>\n<p>[\/vc_column_text][vc_btn title=\u00a0\u00bbDemande de devis\u00a0\u00bb style=\u00a0\u00bbcustom\u00a0\u00bb custom_text=\u00a0\u00bb#666666&Prime; el_class=\u00a0\u00bbwhite-btn\u00a0\u00bb link=\u00a0\u00bburl:%2Ffr%2Fcontacter%2F|title:Contact|target:%20_blank|rel:nofollow\u00a0\u00bb][\/vc_column_inner][vc_column_inner width=\u00a0\u00bb1\/2&Prime; css=\u00a0\u00bb.vc_custom_1612180248955{padding-top: 0px !important;padding-bottom: 0px !important;}\u00a0\u00bb][\/vc_column_inner][\/vc_row_inner][\/vc_column][\/vc_row][vc_row][vc_column][vc_column_text][trustindex no-registration=\u00a0\u00bbgoogle\u00a0\u00bb][\/vc_column_text][\/vc_column][\/vc_row]<\/p>\n","protected":false},"excerpt":{"rendered":"<p>[vc_row full_width=\u00a0\u00bbstretch_row\u00a0\u00bb css=\u00a0\u00bb.vc_custom_1612202182063{padding-top: 30px !important;padding-bottom: 15px !important;}\u00a0\u00bb][vc_column css=\u00a0\u00bb.vc_custom_1612180223540{padding-top: 0px !important;padding-bottom: 0px !important;}\u00a0\u00bb][vc_column_text] Besoin d&rsquo;Apple CarPlay ? Nous installons pour votre voiture BMW. 4 juin &rsquo;21,<a class=\"moretag\" href=\"https:\/\/www.elektrofix.nl\/fr\/bmw-fr\/activation-de-bmw-apple-carplay\/\">&#8230;<\/a><\/p>\n","protected":false},"author":3,"featured_media":0,"comment_status":"closed","ping_status":"closed","sticky":false,"template":"","format":"standard","meta":{"footnotes":""},"categories":[165],"tags":[324,387,391,166,394,389,330],"class_list":["post-7706","post","type-post","status-publish","format-standard","hentry","category-bmw-fr","tag-activer","tag-apple-carplay-fr","tag-applecarplay-fr","tag-bmw-fr","tag-bmw-apple-carplay-fr","tag-carplay-fr","tag-lactivation"],"_links":{"self":[{"href":"https:\/\/www.elektrofix.nl\/fr\/wp-json\/wp\/v2\/posts\/7706","targetHints":{"allow":["GET"]}}],"collection":[{"href":"https:\/\/www.elektrofix.nl\/fr\/wp-json\/wp\/v2\/posts"}],"about":[{"href":"https:\/\/www.elektrofix.nl\/fr\/wp-json\/wp\/v2\/types\/post"}],"author":[{"embeddable":true,"href":"https:\/\/www.elektrofix.nl\/fr\/wp-json\/wp\/v2\/users\/3"}],"replies":[{"embeddable":true,"href":"https:\/\/www.elektrofix.nl\/fr\/wp-json\/wp\/v2\/comments?post=7706"}],"version-history":[{"count":2,"href":"https:\/\/www.elektrofix.nl\/fr\/wp-json\/wp\/v2\/posts\/7706\/revisions"}],"predecessor-version":[{"id":8282,"href":"https:\/\/www.elektrofix.nl\/fr\/wp-json\/wp\/v2\/posts\/7706\/revisions\/8282"}],"wp:attachment":[{"href":"https:\/\/www.elektrofix.nl\/fr\/wp-json\/wp\/v2\/media?parent=7706"}],"wp:term":[{"taxonomy":"category","embeddable":true,"href":"https:\/\/www.elektrofix.nl\/fr\/wp-json\/wp\/v2\/categories?post=7706"},{"taxonomy":"post_tag","embeddable":true,"href":"https:\/\/www.elektrofix.nl\/fr\/wp-json\/wp\/v2\/tags?post=7706"}],"curies":[{"name":"wp","href":"https:\/\/api.w.org\/{rel}","templated":true}]}}