{"id":7680,"date":"2024-02-19T10:18:46","date_gmt":"2024-02-19T09:18:46","guid":{"rendered":"https:\/\/www.elektrofix.nl\/bmw-nbt-hu-reparation\/"},"modified":"2024-03-20T11:15:15","modified_gmt":"2024-03-20T10:15:15","slug":"bmw-nbt-hu-reparation","status":"publish","type":"post","link":"https:\/\/www.elektrofix.nl\/fr\/bmw-fr\/bmw-nbt-hu-reparation\/","title":{"rendered":"BMW NBT HU R\u00e9paration"},"content":{"rendered":"<p>[vc_row full_width=\u00a0\u00bbstretch_row\u00a0\u00bb css=\u00a0\u00bb.vc_custom_1612202182063{padding-top: 30px !important;padding-bottom: 15px !important;}\u00a0\u00bb][vc_column css=\u00a0\u00bb.vc_custom_1612180223540{padding-top: 0px !important;padding-bottom: 0px !important;}\u00a0\u00bb][vc_column_text]<\/p>\n<h2 id=\"title\" class=\"title\" title=\"Bmw apple carplay activate evo id5 id6 navigation\">BMW NBT HU Repair &#8211; R\u00e9parez votre navigation<\/h2>\n<p>Si vous rencontrez des probl\u00e8mes avec votre unit\u00e9 centrale BMW NBT iDrive, Elektrofix peut vous aider \u00e0 r\u00e9parer votre unit\u00e9 centrale BMW NBT ! Nous comprenons \u00e0 quel point cela peut \u00eatre ennuyeux. Notre \u00e9quipe de techniciens qualifi\u00e9s est sp\u00e9cialis\u00e9e dans la r\u00e9paration des unit\u00e9s NBT pour les mod\u00e8les BMW. Il s&rsquo;agit des mod\u00e8les F01, F02, F07, F10, F15, F16, F25, F30, F32, F36, F80 et F82, produits entre 2012 et 2016.<\/p>\n<p>Chez Elektrofix, nous comprenons donc \u00e0 quel point il peut \u00eatre frustrant que votre appareil NBT fonctionne mal. C&rsquo;est pourquoi nous proposons un service de r\u00e9paration rapide et fiable pour garantir le bon fonctionnement de votre unit\u00e9 principale. Peu importe que l&rsquo;appareil reste bloqu\u00e9 sur l&rsquo;\u00e9cran de chargement, qu&rsquo;il subisse des coupures soudaines, qu&rsquo;il red\u00e9marre sans cesse ou qu&rsquo;il rencontre des probl\u00e8mes de navigation ou de son. Notre \u00e9quipe poss\u00e8de l&rsquo;expertise n\u00e9cessaire pour identifier les probl\u00e8mes et les r\u00e9soudre correctement. Vous \u00eates ainsi assur\u00e9 d&rsquo;obtenir le bon r\u00e9sultat.<\/p>\n<h4><\/h4>\n<h4>Les sympt\u00f4mes NBT les plus courants que nous rencontrons :<\/h4>\n<p>&nbsp;<\/p>\n<ul>\n<li>L&rsquo;appareil est bloqu\u00e9 pendant l&rsquo;\u00e9cran de chargement, l&rsquo;\u00e9cran affichant le message \u00ab\u00a0charge en cours\u00a0\u00bb<\/li>\n<li>L&rsquo;\u00e9cran est compl\u00e8tement noir ou il n&rsquo;y a pas d&rsquo;image<\/li>\n<li>Le logo BMW qui semble coll\u00e9 \u00e0 l&rsquo;\u00e9cran<\/li>\n<li>L&rsquo;appareil red\u00e9marre fr\u00e9quemment, dans certains cas il fonctionne pendant quelques minutes avant de red\u00e9marrer.<\/li>\n<li>Le NBT iDrive ne d\u00e9marre pas ou ne fonctionne pas du tout<\/li>\n<li>Le syst\u00e8me ne r\u00e9pond pas.<\/li>\n<li>Le syst\u00e8me de navigation ne d\u00e9marre pas ou d\u00e9marre lentement lorsque la voiture est chaude<\/li>\n<li>Pendant la conduite, le son est interrompu, ou il n&rsquo;y a pas de son du tout.<\/li>\n<li>Probl\u00e8mes de codage, voire code erron\u00e9<\/li>\n<li>L&rsquo;appareil ne peut plus lire les CD ou les DVD.<\/li>\n<li>Le menu de navigation n&rsquo;est pas actif ou ne fonctionne pas correctement.<\/li>\n<\/ul>\n<p>&nbsp;<\/p>\n<p>Si ces probl\u00e8mes vous semblent familiers, il est important de faire r\u00e9parer votre unit\u00e9 principale NBT d\u00e8s que possible. Vous \u00e9viterez ainsi que les probl\u00e8mes ne s&rsquo;aggravent et vous rendrez votre exp\u00e9rience de conduite beaucoup plus agr\u00e9able.[\/vc_column_text][vc_btn title=\u00a0\u00bbDemande de devis\u00a0\u00bb style=\u00a0\u00bbcustom\u00a0\u00bb custom_text=\u00a0\u00bb#666666&Prime; el_class=\u00a0\u00bbwhite-btn\u00a0\u00bb link=\u00a0\u00bburl:%2Ffr%2Fcontacter%2F|title:Contact|target:%20_blank|rel:nofollow\u00a0\u00bb css=\u00a0\u00bb.vc_custom_1710929604988{padding-bottom: 20px !important;}\u00a0\u00bb][\/vc_column][\/vc_row][vc_row][vc_column][vc_gallery type=\u00a0\u00bbflexslider_slide\u00a0\u00bb interval=\u00a0\u00bb5&Prime; images=\u00a0\u00bb4133,4123,4124,4122&Prime; img_size=\u00a0\u00bbfull\u00a0\u00bb onclick=\u00a0\u00bb\u00a0\u00bb][\/vc_column][\/vc_row][vc_row full_width=\u00a0\u00bbstretch_row\u00a0\u00bb css=\u00a0\u00bb.vc_custom_1612202018327{padding-top: 50px !important;padding-bottom: 15px !important;}\u00a0\u00bb][vc_column css=\u00a0\u00bb.vc_custom_1612180223540{padding-top: 0px !important;padding-bottom: 0px !important;}\u00a0\u00bb][vc_row_inner css=\u00a0\u00bb.vc_custom_1612260131186{padding-top: 0px !important;padding-bottom: 0px !important;}\u00a0\u00bb][vc_column_inner css=\u00a0\u00bb.vc_custom_1612180239327{padding-top: 0px !important;padding-bottom: 0px !important;}\u00a0\u00bb][vc_column_text]<\/p>\n<h2>R\u00e9parez votre unit\u00e9 NBT et profitez d&rsquo;une navigation qui fonctionne parfaitement<\/h2>\n<p>Elektrofix peut vous aider \u00e0 effectuer des r\u00e9parations fiables et efficaces. C&rsquo;est ainsi que nous nous assurons que votre unit\u00e9 NBT fonctionne \u00e0 nouveau de mani\u00e8re optimale. Nous sommes fiers d&rsquo;offrir un service de premi\u00e8re classe et des r\u00e9parations de haute qualit\u00e9. Nous identifierons la cause du probl\u00e8me et utiliserons ces informations pour proposer une solution rentable. Nous pouvons donc faire en sorte que votre unit\u00e9 principale NBT fonctionne \u00e0 nouveau de mani\u00e8re optimale. Nous nous portons garants de notre travail et offrons une garantie de satisfaction \u00e0 cet \u00e9gard. Vous pouvez donc \u00eatre s\u00fbr que votre unit\u00e9 NBT est entre de bonnes mains chez nous.<\/p>\n<p>Ne laissez plus les probl\u00e8mes de NBT g\u00e2cher votre exp\u00e9rience de conduite. Contactez Elektrofix d\u00e8s aujourd&rsquo;hui pour planifier votre r\u00e9paration. Vous pourrez alors reprendre la route avec une voiture en parfait \u00e9tat de marche. Et cette conduite est de toute fa\u00e7on bien plus agr\u00e9able.<\/p>\n<p>Nous nous engageons \u00e0 fournir des services de r\u00e9paration de haute qualit\u00e9 \u00e0 nos clients, et nous nous portons garants du travail que nous effectuons. C&rsquo;est pourquoi, en plus de la garantie de satisfaction, nous offrons \u00e9galement une garantie d&rsquo;un an sur tous nos services de r\u00e9paration. Cela signifie que si vous rencontrez des probl\u00e8mes avec la r\u00e9paration au cours de la premi\u00e8re ann\u00e9e, nous la r\u00e9parerons gratuitement. Notre objectif est de satisfaire \u00e0 100 % nos clients. Cette garantie est l&rsquo;un des moyens par lesquels nous d\u00e9montrons notre engagement \u00e0 l&rsquo;\u00e9gard de notre service.[\/vc_column_text][vc_btn title=\u00a0\u00bbPlus d&rsquo;informations sur la r\u00e9paration des syst\u00e8mes de navigation automobile\u00a0\u00bb style=\u00a0\u00bb3d\u00a0\u00bb color=\u00a0\u00bbprimary\u00a0\u00bb link=\u00a0\u00bburl:%2Ffr%2Freparation-de-la-navigation-automobile%2F|title:Autonavigatie%20Reparatie|target:%20_blank|rel:nofollow\u00a0\u00bb][\/vc_column_inner][\/vc_row_inner][\/vc_column][\/vc_row][vc_row full_width=\u00a0\u00bbstretch_row\u00a0\u00bb css=\u00a0\u00bb.vc_custom_1679585818200{margin-top: 20px !important;margin-bottom: 20px !important;padding-top: 50px !important;padding-bottom: 15px !important;}\u00a0\u00bb][vc_column css=\u00a0\u00bb.vc_custom_1612180223540{padding-top: 0px !important;padding-bottom: 0px !important;}\u00a0\u00bb][vc_column_text css=\u00a0\u00bb.vc_custom_1679585794087{padding-bottom: 15px !important;}\u00a0\u00bb]<\/p>\n<h3>Pour quels mod\u00e8les pouvons-nous effectuer des r\u00e9parations ?<\/h3>\n<p>Nous r\u00e9parons l&rsquo;unit\u00e9 de t\u00eate NBT pour les mod\u00e8les BMW suivants :[\/vc_column_text][vc_row_inner css=\u00a0\u00bb.vc_custom_1612260131186{padding-top: 0px !important;padding-bottom: 0px !important;}\u00a0\u00bb][vc_column_inner width=\u00a0\u00bb1\/2&Prime; css=\u00a0\u00bb.vc_custom_1612180239327{padding-top: 0px !important;padding-bottom: 0px !important;}\u00a0\u00bb][vc_column_text]<\/p>\n<ul>\n<li><strong>S\u00e9rie 1<\/strong> F20\/F21 &#8211; 03\/2013 &#8211; 03\/2015<\/li>\n<\/ul>\n<p>&nbsp;<\/p>\n<ul>\n<li><strong>S\u00e9rie 2<\/strong> F22 &#8211; 11\/2013 &#8211; 03\/2015<\/li>\n<\/ul>\n<p>&nbsp;<\/p>\n<ul>\n<li><strong>S\u00e9rie 3<\/strong> F30\/F31 &#8211; 11\/2012 &#8211; 07\/2015\n<ul>\n<li>F34 &#8211; 03\/2013 &#8211; 07\/2015<\/li>\n<li>F80 &#8211; 03\/2014 &#8211; 07\/2015<\/li>\n<\/ul>\n<\/li>\n<\/ul>\n<p>&nbsp;<\/p>\n<ul>\n<li><strong>S\u00e9rie 4<\/strong> F32 &#8211; 07\/2013 &#8211; 07\/2015\n<ul>\n<li>F33 &#8211; 11\/2013 &#8211; 07\/2015<\/li>\n<li>F36 &#8211; 03\/2014 &#8211; 07\/2015<\/li>\n<\/ul>\n<\/li>\n<\/ul>\n<p>&nbsp;<\/p>\n<ul>\n<li><strong>S\u00e9rie 5<\/strong> F07 &#8211; 07\/2012 &#8211; aujourd&rsquo;hui\n<ul>\n<li>F10\/F11\/F18 &#8211; 09\/2012 &#8211; aujourd&rsquo;hui<\/li>\n<\/ul>\n<\/li>\n<\/ul>\n<p>&nbsp;<\/p>\n<ul>\n<li><strong>S\u00e9rie 6<\/strong> F06\/F12\/F13 &#8211; 03\/2013 &#8211; aujourd&rsquo;hui<\/li>\n<\/ul>\n<p>[\/vc_column_text][\/vc_column_inner][vc_column_inner width=\u00a0\u00bb1\/2&Prime;][vc_column_text]<\/p>\n<ul>\n<li><strong>S\u00e9rie 7<\/strong> F01\/F02\/F03 &#8211; 07\/2012 &#8211; 06\/2015<\/li>\n<\/ul>\n<p>&nbsp;<\/p>\n<ul>\n<li><strong>X3<\/strong> F25 &#8211; 04\/2013 &#8211; 03\/2016<\/li>\n<\/ul>\n<p>&nbsp;<\/p>\n<ul>\n<li><strong>X4<\/strong> F26 &#8211; 04\/2014 &#8211; 03\/2016<\/li>\n<\/ul>\n<p>&nbsp;<\/p>\n<ul>\n<li><strong>X5<\/strong> F15 &#8211; 08\/2014 &#8211; 07\/2016\n<ul>\n<li>F85 &#8211; 12\/2014 &#8211; 07\/2016<\/li>\n<\/ul>\n<\/li>\n<\/ul>\n<p>&nbsp;<\/p>\n<ul>\n<li><strong>X6<\/strong> F16 &#8211; 08\/2014 &#8211; 07\/2016\n<ul>\n<li>F86 &#8211; 12\/2014 &#8211; 07\/2016<\/li>\n<\/ul>\n<\/li>\n<\/ul>\n<p>&nbsp;<\/p>\n<ul>\n<li><strong>i3<\/strong> &#8211; 09\/2013 &#8211; aujourd&rsquo;hui<\/li>\n<\/ul>\n<p>&nbsp;<\/p>\n<ul>\n<li><strong>i8<\/strong> &#8211; 04\/2014 &#8211; aujourd&rsquo;hui<\/li>\n<\/ul>\n<p>[\/vc_column_text][\/vc_column_inner][\/vc_row_inner][\/vc_column][\/vc_row][vc_row full_width=\u00a0\u00bbstretch_row\u00a0\u00bb css=\u00a0\u00bb.vc_custom_1612202018327{padding-top: 50px !important;padding-bottom: 15px !important;}\u00a0\u00bb][vc_column css=\u00a0\u00bb.vc_custom_1612180223540{padding-top: 0px !important;padding-bottom: 0px !important;}\u00a0\u00bb][vc_row_inner css=\u00a0\u00bb.vc_custom_1679585922185{padding-top: 0px !important;padding-bottom: 0px !important;background-color: #d8d8d8 !important;}\u00a0\u00bb][vc_column_inner css=\u00a0\u00bb.vc_custom_1612180239327{padding-top: 0px !important;padding-bottom: 0px !important;}\u00a0\u00bb][vc_column_text css=\u00a0\u00bb.vc_custom_1679585944339{padding-top: 15px !important;}\u00a0\u00bb]<\/p>\n<h3 title=\"Bmw apple carplay activate evo id5 id6 navigation\">Garantie de r\u00e9paration<\/h3>\n<p>Nous offrons une garantie standard d&rsquo;un an sur toutes nos r\u00e9parations.[\/vc_column_text][vc_btn title=\u00a0\u00bblire plus\u00a0\u00bb style=\u00a0\u00bb3d\u00a0\u00bb color=\u00a0\u00bbprimary\u00a0\u00bb link=\u00a0\u00bburl:%2Ffr%2Freparation-de-la-navigation-automobile%2F|title:Autonavigatie%20Reparatie|target:%20_blank|rel:nofollow\u00a0\u00bb][\/vc_column_inner][\/vc_row_inner][\/vc_column][\/vc_row][vc_row full_width=\u00a0\u00bbstretch_row\u00a0\u00bb css=\u00a0\u00bb.vc_custom_1612202018327{padding-top: 50px !important;padding-bottom: 15px !important;}\u00a0\u00bb][vc_column css=\u00a0\u00bb.vc_custom_1612180223540{padding-top: 0px !important;padding-bottom: 0px !important;}\u00a0\u00bb][vc_row_inner css=\u00a0\u00bb.vc_custom_1612260131186{padding-top: 0px !important;padding-bottom: 0px !important;}\u00a0\u00bb][vc_column_inner css=\u00a0\u00bb.vc_custom_1612180239327{padding-top: 0px !important;padding-bottom: 0px !important;}\u00a0\u00bb][vc_column_text]<\/p>\n<h2>BMW NBT HU Repair &#8211; plus besoin d&rsquo;abandonner votre voiture<\/h2>\n<p>Pour cette r\u00e9paration, nous n&rsquo;avons pas besoin de la voiture, seulement de l&rsquo;unit\u00e9. Vous pouvez donc \u00e9galement nous l&rsquo;envoyer par courrier en utilisant notre <a style=\"color: #1f71b8;\" title=\"Formulaire de r\u00e9paration\" href=\"https:\/\/www.elektrofix.nl\/wp-content\/uploads\/Elektrofix-reparatieformulier-interactief-fr-1.pdf\" target=\"_blank\" rel=\"noopener\">formulaire de r\u00e9paration<\/a>.<\/p>\n<p><u>Bon \u00e0 savoir \u00e9galement : Nous ne r\u00e9parons pas seulement les unit\u00e9s de navigation, les lecteurs de CD, les changeurs de DVD et autres appareils similaires de BMW, nous r\u00e9parons ces unit\u00e9s pour presque toutes les marques de voitures. <\/u><\/p>\n<p>&nbsp;<\/p>\n<h4>Comment envoyer<\/h4>\n<p>&nbsp;<\/p>\n<ol>\n<li class=\"title\" title=\"Bmw apple carplay activate evo id5 id6 navigation\">Vous nous envoyez votre appareil via le <a title=\"\" href=\"https:\/\/www.elektrofix.nl\/wp-content\/uploads\/Elektrofix-reparatieformulier-interactief-fr-1.pdf\" target=\"_blank\" rel=\"noopener\">formulaire de r\u00e9paration <\/a>.<\/li>\n<li class=\"title\" title=\"Bmw apple carplay activate evo id5 id6 navigation\">La r\u00e9paration prend 1 \u00e0 2 jours, en fonction de l&rsquo;effort fourni.<\/li>\n<li class=\"title\" title=\"Bmw apple carplay activate evo id5 id6 navigation\">L&rsquo;appareil et vous sera ensuite renvoy\u00e9. (Il s&rsquo;agit d&rsquo;un envoi assur\u00e9 avec suivi du colis).<\/li>\n<li class=\"title\" title=\"Bmw apple carplay activate evo id5 id6 navigation\">Le paiement apr\u00e8s r\u00e9paration se fait par voie bancaire. N&rsquo;oubliez pas d&rsquo;indiquer votre nom, votre adresse et votre num\u00e9ro de t\u00e9l\u00e9phone et de bien emballer le tout afin que les marchandises ne soient pas endommag\u00e9es.<\/li>\n<li class=\"title\" title=\"Bmw apple carplay activate evo id5 id6 navigation\">Nous renvoyons ensuite le colis tel qu&rsquo;il nous est parvenu, car nous n&rsquo;avons pas de mat\u00e9riel d&#8217;emballage suppl\u00e9mentaire \u00e0 notre disposition.<\/li>\n<\/ol>\n<p>[\/vc_column_text][\/vc_column_inner][\/vc_row_inner][\/vc_column][\/vc_row][vc_row full_width=\u00a0\u00bbstretch_row\u00a0\u00bb css=\u00a0\u00bb.vc_custom_1612199972923{margin-top: 50px !important;margin-bottom: 50px !important;padding-top: 0px !important;padding-bottom: 0px !important;background-image: url(https:\/\/www.elektrofix.nl\/wp-content\/uploads\/pexels-ingo-joseph-13781-1.png?id=250) !important;background-position: center !important;background-repeat: no-repeat !important;background-size: cover !important;}\u00a0\u00bb el_class=\u00a0\u00bbcta-box\u00a0\u00bb][vc_column css=\u00a0\u00bb.vc_custom_1612180223540{padding-top: 0px !important;padding-bottom: 0px !important;}\u00a0\u00bb][vc_row_inner equal_height=\u00a0\u00bbyes\u00a0\u00bb content_placement=\u00a0\u00bbmiddle\u00a0\u00bb css=\u00a0\u00bb.vc_custom_1612260140510{padding-top: 0px !important;padding-bottom: 0px !important;}\u00a0\u00bb][vc_column_inner el_class=\u00a0\u00bbcta-gradient-box\u00a0\u00bb width=\u00a0\u00bb1\/2&Prime; css=\u00a0\u00bb.vc_custom_1612200066371{padding-top: 65px !important;padding-bottom: 35px !important;}\u00a0\u00bb][vc_column_text]<\/p>\n<h2>Vous souhaitez conna\u00eetre \u00e0 l&rsquo;avance le prix d&rsquo;une r\u00e9paration ? Obtenir un devis :<\/h2>\n<p>[\/vc_column_text][vc_btn title=\u00a0\u00bbDemande de devis\u00a0\u00bb style=\u00a0\u00bbcustom\u00a0\u00bb custom_text=\u00a0\u00bb#666666&Prime; el_class=\u00a0\u00bbwhite-btn\u00a0\u00bb link=\u00a0\u00bburl:%2Ffr%2Fcontacter%2F|title:Contact|target:%20_blank|rel:nofollow\u00a0\u00bb][\/vc_column_inner][vc_column_inner width=\u00a0\u00bb1\/2&Prime; css=\u00a0\u00bb.vc_custom_1612180248955{padding-top: 0px !important;padding-bottom: 0px !important;}\u00a0\u00bb][\/vc_column_inner][\/vc_row_inner][\/vc_column][\/vc_row][vc_row][vc_column][vc_column_text][trustindex no-registration=\u00a0\u00bbgoogle\u00a0\u00bb][\/vc_column_text][\/vc_column][\/vc_row]<\/p>\n","protected":false},"excerpt":{"rendered":"<p>[vc_row full_width=\u00a0\u00bbstretch_row\u00a0\u00bb css=\u00a0\u00bb.vc_custom_1612202182063{padding-top: 30px !important;padding-bottom: 15px !important;}\u00a0\u00bb][vc_column css=\u00a0\u00bb.vc_custom_1612180223540{padding-top: 0px !important;padding-bottom: 0px !important;}\u00a0\u00bb][vc_column_text] BMW NBT HU Repair &#8211; R\u00e9parez votre navigation Si vous rencontrez des probl\u00e8mes<a class=\"moretag\" href=\"https:\/\/www.elektrofix.nl\/fr\/bmw-fr\/bmw-nbt-hu-reparation\/\">&#8230;<\/a><\/p>\n","protected":false},"author":3,"featured_media":0,"comment_status":"closed","ping_status":"closed","sticky":false,"template":"","format":"standard","meta":{"footnotes":""},"categories":[165],"tags":[166,167,188,171,326,187,189,191,193,169],"class_list":["post-7680","post","type-post","status-publish","format-standard","hentry","category-bmw-fr","tag-bmw-fr","tag-bmw-navigation-reparation","tag-bmw-nbt-reparation","tag-hdd-reperation","tag-hu-fr","tag-nbt-fr","tag-nbt-encodage","tag-nbt-flash","tag-nbt-programmation","tag-reparation-de-la-navigation"],"_links":{"self":[{"href":"https:\/\/www.elektrofix.nl\/fr\/wp-json\/wp\/v2\/posts\/7680","targetHints":{"allow":["GET"]}}],"collection":[{"href":"https:\/\/www.elektrofix.nl\/fr\/wp-json\/wp\/v2\/posts"}],"about":[{"href":"https:\/\/www.elektrofix.nl\/fr\/wp-json\/wp\/v2\/types\/post"}],"author":[{"embeddable":true,"href":"https:\/\/www.elektrofix.nl\/fr\/wp-json\/wp\/v2\/users\/3"}],"replies":[{"embeddable":true,"href":"https:\/\/www.elektrofix.nl\/fr\/wp-json\/wp\/v2\/comments?post=7680"}],"version-history":[{"count":2,"href":"https:\/\/www.elektrofix.nl\/fr\/wp-json\/wp\/v2\/posts\/7680\/revisions"}],"predecessor-version":[{"id":8278,"href":"https:\/\/www.elektrofix.nl\/fr\/wp-json\/wp\/v2\/posts\/7680\/revisions\/8278"}],"wp:attachment":[{"href":"https:\/\/www.elektrofix.nl\/fr\/wp-json\/wp\/v2\/media?parent=7680"}],"wp:term":[{"taxonomy":"category","embeddable":true,"href":"https:\/\/www.elektrofix.nl\/fr\/wp-json\/wp\/v2\/categories?post=7680"},{"taxonomy":"post_tag","embeddable":true,"href":"https:\/\/www.elektrofix.nl\/fr\/wp-json\/wp\/v2\/tags?post=7680"}],"curies":[{"name":"wp","href":"https:\/\/api.w.org\/{rel}","templated":true}]}}