{"id":7679,"date":"2024-02-19T10:18:46","date_gmt":"2024-02-19T09:18:46","guid":{"rendered":"https:\/\/www.elektrofix.nl\/reparation-du-systeme-de-navigation-bmw\/"},"modified":"2024-02-19T10:18:46","modified_gmt":"2024-02-19T09:18:46","slug":"reparation-du-systeme-de-navigation-bmw","status":"publish","type":"post","link":"https:\/\/www.elektrofix.nl\/fr\/bmw-fr\/reparation-du-systeme-de-navigation-bmw\/","title":{"rendered":"R\u00e9paration du syst\u00e8me de navigation BMW"},"content":{"rendered":"<p>[vc_row full_width=\u00a0\u00bbstretch_row\u00a0\u00bb css=\u00a0\u00bb.vc_custom_1612202182063{padding-top: 30px !important;padding-bottom: 15px !important;}\u00a0\u00bb][vc_column css=\u00a0\u00bb.vc_custom_1612180223540{padding-top: 0px !important;padding-bottom: 0px !important;}\u00a0\u00bb][vc_column_text]<\/p>\n<h2>R\u00e9paration professionnelle du syst\u00e8me de navigation BMW CCC<\/h2>\n<p>Vous avez des probl\u00e8mes avec votre syst\u00e8me de navigation BMW CCC ? Dans ce cas, Elktrofix est l&rsquo;endroit id\u00e9al pour une r\u00e9paration rapide et fiable. Nous assurons la r\u00e9paration \u00e0 100 % de tous les probl\u00e8mes de CCC sur les mod\u00e8les BMW suivants :<\/p>\n<ul>\n<li>BMW s\u00e9rie 1 e81 e82 e87 e88<\/li>\n<li>BMW s\u00e9rie 3 e90 e91 e92 e93<\/li>\n<li>BMW s\u00e9rie 5 e60 e61<\/li>\n<li>BMW s\u00e9rie 6 e63 e64<\/li>\n<li>BMW X5 E70<\/li>\n<\/ul>\n<p>Lorsque vous venez avec votre voiture, nous effectuons la r\u00e9paration dans un d\u00e9lai de 1 \u00e0 3 heures. Comprend le montage et le codage de la navigation avec l&rsquo;\u00e9quipement d&rsquo;origine.<u><\/u>[\/vc_column_text][vc_btn title=\u00a0\u00bbDemande de devis\u00a0\u00bb style=\u00a0\u00bbcustom\u00a0\u00bb custom_text=\u00a0\u00bb#666666&Prime; el_class=\u00a0\u00bbwhite-btn\u00a0\u00bb link=\u00a0\u00bburl:https%3A%2F%2Fwww.elektrofix.nl%2Fcontact%2F|title:Contact|target:%20_blank|rel:nofollow\u00a0\u00bb][\/vc_column][\/vc_row][vc_row][vc_column][vc_gallery type=\u00a0\u00bbflexslider_slide\u00a0\u00bb interval=\u00a0\u00bb5&Prime; images=\u00a0\u00bb1023,1024,1025,1026,1020&Prime; img_size=\u00a0\u00bbfull\u00a0\u00bb onclick=\u00a0\u00bb\u00a0\u00bb][\/vc_column][\/vc_row][vc_row full_width=\u00a0\u00bbstretch_row\u00a0\u00bb css=\u00a0\u00bb.vc_custom_1612202018327{padding-top: 50px !important;padding-bottom: 15px !important;}\u00a0\u00bb][vc_column css=\u00a0\u00bb.vc_custom_1612180223540{padding-top: 0px !important;padding-bottom: 0px !important;}\u00a0\u00bb][vc_column_text]<\/p>\n<h2>Probl\u00e8mes courants avec la navigation BMW CCC<\/h2>\n<p>Souffrez-vous d&rsquo;un des probl\u00e8mes ci-dessous ? Elektrofix peut vous aider. Il n&rsquo;est pas n\u00e9cessaire de faire passer la voiture. Chez Elektrofix, il est \u00e9galement possible d&rsquo;envoyer l&rsquo;appareil par la poste pour r\u00e9paration. Vous pouvez le faire \u00e0 l&rsquo;aide de notre <strong><a style=\"color: #1f71b8;\" title=\"Formulaire de r\u00e9paration\" href=\"https:\/\/www.elektrofix.nl\/wp-content\/uploads\/Elektrofix-reparatieformulier-interactief.pdf\" target=\"_blank\" rel=\"noopener\">formulaire de r\u00e9paration<\/a><\/strong>.<\/p>\n<ul>\n<li>La navigation red\u00e9marre en permanence<\/li>\n<li>La navigation reste bloqu\u00e9e sur le logo BMW<\/li>\n<li>La navigation ne fonctionne pas du tout<\/li>\n<li>La navigation ne r\u00e9pond pas<\/li>\n<li>L&rsquo;\u00e9clairage de la CCC reste allum\u00e9<\/li>\n<li>Le syst\u00e8me de navigation ne d\u00e9marre pas<\/li>\n<li>La batterie s&rsquo;\u00e9puise<\/li>\n<li>Le ventilateur du refroidisseur reste allum\u00e9<\/li>\n<li>La navigation dans la CCC est tr\u00e8s lente<\/li>\n<li>La navigation du CCC s&#8217;emballe<\/li>\n<li>La navigation interrompt la connexion Bluetooth<\/li>\n<li>Le Bluetooth ne peut pas \u00eatre activ\u00e9 dans le menu des r\u00e9glages<\/li>\n<li>Absence de son ou perte de son pendant la conduite<\/li>\n<li>Vous ne pouvez pas s\u00e9lectionner le contr\u00f4leur I Drive<\/li>\n<li>Probl\u00e8mes d&rsquo;encodage\/encodage erron\u00e9<\/li>\n<li>Impossible de lire le DVD ou le CD<\/li>\n<\/ul>\n<p>Nous r\u00e9parons \u00e9galement d&rsquo;autres marques d&rsquo;unit\u00e9s de navigation, de changeurs CD, DVD, etc. De presque toutes les marques de voitures ![\/vc_column_text][vc_btn title=\u00a0\u00bbPlus d&rsquo;informations sur la r\u00e9paration des syst\u00e8mes de navigation automobile\u00a0\u00bb style=\u00a0\u00bb3d\u00a0\u00bb color=\u00a0\u00bbprimary\u00a0\u00bb link=\u00a0\u00bburl:https%3A%2F%2Fwww.elektrofix.nl%2Fautonavigatie-reparatie%2F|title:Autonavigatie%20Reparatie|target:%20_blank|rel:nofollow\u00a0\u00bb][vc_column_text]<\/p>\n<h2>Envoi du syst\u00e8me de navigation BMW CCC pour r\u00e9paration<\/h2>\n<p title=\"Bmw apple carplay activate evo id5 id6 navigation\">Vous voulez savoir comment soumettre votre BMW CCC navigation pour r\u00e9paration ? Nous expliquons ci-dessous ce qu&rsquo;il en est :<\/p>\n<p class=\"title\" title=\"Bmw apple carplay activate evo id5 id6 navigation\">1. Vous nous envoyez votre appareil avec le <strong><br \/>\n  <a style=\"color: #1f71b8;\" title=\"Formulaire de r\u00e9paration\" href=\"https:\/\/www.elektrofix.nl\/wp-content\/uploads\/Elektrofix-reparatieformulier-interactief.pdf\" target=\"_blank\" rel=\"noopener\">formulaire de r\u00e9paration<\/a><br \/>\n<\/strong>. N&rsquo;oubliez pas d&rsquo;indiquer votre nom, votre adresse et votre num\u00e9ro de t\u00e9l\u00e9phone et de bien emballer votre envoi pour \u00e9viter d&rsquo;endommager les marchandises.<br \/>\n2. Nous r\u00e9parerons votre appareil si possible. Avez-vous d\u00e9j\u00e0 pris rendez-vous pour une r\u00e9paration sur place ? Cette op\u00e9ration dure g\u00e9n\u00e9ralement deux heures. Sans rendez-vous, il faut compter 1 \u00e0 2 jours avant que votre appareil ne soit r\u00e9par\u00e9.<br \/>\n3. L&rsquo;appareil vous sera renvoy\u00e9. Cet envoi est assur\u00e9 et vous recevrez un code de suivi pour cet envoi.<br \/>\n4. Le paiement est effectu\u00e9 par virement bancaire apr\u00e8s r\u00e9paration.<br \/>\n5. Nous renverrons le colis dans le m\u00eame emballage que celui dans lequel il est arriv\u00e9.<\/p>\n<p>[\/vc_column_text][vc_column_text]<\/p>\n<h3 title=\"Bmw apple carplay activate evo id5 id6 navigation\">Garantie de r\u00e9paration<\/h3>\n<p>Nous offrons une garantie standard d&rsquo;un an sur toutes nos r\u00e9parations.[\/vc_column_text][\/vc_column][\/vc_row][vc_row full_width=\u00a0\u00bbstretch_row\u00a0\u00bb css=\u00a0\u00bb.vc_custom_1612199972923{margin-top: 50px !important;margin-bottom: 50px !important;padding-top: 0px !important;padding-bottom: 0px !important;background-image: url(https:\/\/www.elektrofix.nl\/wp-content\/uploads\/pexels-ingo-joseph-13781-1.png?id=250) !important;background-position: center !important;background-repeat: no-repeat !important;background-size: cover !important;}\u00a0\u00bb el_class=\u00a0\u00bbcta-box\u00a0\u00bb][vc_column css=\u00a0\u00bb.vc_custom_1612180223540{padding-top: 0px !important;padding-bottom: 0px !important;}\u00a0\u00bb][vc_row_inner equal_height=\u00a0\u00bbyes\u00a0\u00bb content_placement=\u00a0\u00bbmiddle\u00a0\u00bb css=\u00a0\u00bb.vc_custom_1612260140510{padding-top: 0px !important;padding-bottom: 0px !important;}\u00a0\u00bb][vc_column_inner el_class=\u00a0\u00bbcta-gradient-box\u00a0\u00bb width=\u00a0\u00bb1\/2&Prime; css=\u00a0\u00bb.vc_custom_1612200066371{padding-top: 65px !important;padding-bottom: 35px !important;}\u00a0\u00bb][vc_column_text]<\/p>\n<h2>Vous souhaitez conna\u00eetre \u00e0 l&rsquo;avance le prix d&rsquo;une r\u00e9paration ? Obtenir un devis :<\/h2>\n<p>[\/vc_column_text][vc_btn title=\u00a0\u00bbDemande de devis\u00a0\u00bb style=\u00a0\u00bbcustom\u00a0\u00bb custom_text=\u00a0\u00bb#666666&Prime; el_class=\u00a0\u00bbwhite-btn\u00a0\u00bb link=\u00a0\u00bburl:https%3A%2F%2Fwww.elektrofix.nl%2Fcontact%2F|title:Contact|target:%20_blank|rel:nofollow\u00a0\u00bb][\/vc_column_inner][vc_column_inner width=\u00a0\u00bb1\/2&Prime; css=\u00a0\u00bb.vc_custom_1612180248955{padding-top: 0px !important;padding-bottom: 0px !important;}\u00a0\u00bb][\/vc_column_inner][\/vc_row_inner][\/vc_column][\/vc_row][vc_row][vc_column][vc_column_text][trustindex no-registration=\u00a0\u00bbgoogle\u00a0\u00bb][\/vc_column_text][\/vc_column][\/vc_row]<\/p>\n","protected":false},"excerpt":{"rendered":"<p>[vc_row full_width=\u00a0\u00bbstretch_row\u00a0\u00bb css=\u00a0\u00bb.vc_custom_1612202182063{padding-top: 30px !important;padding-bottom: 15px !important;}\u00a0\u00bb][vc_column css=\u00a0\u00bb.vc_custom_1612180223540{padding-top: 0px !important;padding-bottom: 0px !important;}\u00a0\u00bb][vc_column_text] R\u00e9paration professionnelle du syst\u00e8me de navigation BMW CCC Vous avez des probl\u00e8mes avec<a class=\"moretag\" href=\"https:\/\/www.elektrofix.nl\/fr\/bmw-fr\/reparation-du-systeme-de-navigation-bmw\/\">&#8230;<\/a><\/p>\n","protected":false},"author":3,"featured_media":0,"comment_status":"closed","ping_status":"closed","sticky":false,"template":"","format":"standard","meta":{"footnotes":""},"categories":[165],"tags":[324,166,336,167,333,330,169],"class_list":["post-7679","post","type-post","status-publish","format-standard","hentry","category-bmw-fr","tag-activer","tag-bmw-fr","tag-bmw-ccc-navigation-fr","tag-bmw-navigation-reparation","tag-ccc-fr","tag-lactivation","tag-reparation-de-la-navigation"],"_links":{"self":[{"href":"https:\/\/www.elektrofix.nl\/fr\/wp-json\/wp\/v2\/posts\/7679","targetHints":{"allow":["GET"]}}],"collection":[{"href":"https:\/\/www.elektrofix.nl\/fr\/wp-json\/wp\/v2\/posts"}],"about":[{"href":"https:\/\/www.elektrofix.nl\/fr\/wp-json\/wp\/v2\/types\/post"}],"author":[{"embeddable":true,"href":"https:\/\/www.elektrofix.nl\/fr\/wp-json\/wp\/v2\/users\/3"}],"replies":[{"embeddable":true,"href":"https:\/\/www.elektrofix.nl\/fr\/wp-json\/wp\/v2\/comments?post=7679"}],"version-history":[{"count":0,"href":"https:\/\/www.elektrofix.nl\/fr\/wp-json\/wp\/v2\/posts\/7679\/revisions"}],"wp:attachment":[{"href":"https:\/\/www.elektrofix.nl\/fr\/wp-json\/wp\/v2\/media?parent=7679"}],"wp:term":[{"taxonomy":"category","embeddable":true,"href":"https:\/\/www.elektrofix.nl\/fr\/wp-json\/wp\/v2\/categories?post=7679"},{"taxonomy":"post_tag","embeddable":true,"href":"https:\/\/www.elektrofix.nl\/fr\/wp-json\/wp\/v2\/tags?post=7679"}],"curies":[{"name":"wp","href":"https:\/\/api.w.org\/{rel}","templated":true}]}}