{"id":7648,"date":"2024-02-19T10:18:30","date_gmt":"2024-02-19T09:18:30","guid":{"rendered":"https:\/\/www.elektrofix.nl\/bmw-nbt-evo-reparation\/"},"modified":"2024-03-20T11:12:10","modified_gmt":"2024-03-20T10:12:10","slug":"bmw-nbt-evo-reparation","status":"publish","type":"post","link":"https:\/\/www.elektrofix.nl\/fr\/bmw-fr\/bmw-nbt-evo-reparation\/","title":{"rendered":"BMW NBT Evo R\u00e9paration"},"content":{"rendered":"<p>[vc_row full_width=\u00a0\u00bbstretch_row\u00a0\u00bb css=\u00a0\u00bb.vc_custom_1612202182063{padding-top: 30px !important;padding-bottom: 15px !important;}\u00a0\u00bb][vc_column css=\u00a0\u00bb.vc_custom_1612180223540{padding-top: 0px !important;padding-bottom: 0px !important;}\u00a0\u00bb][vc_column_text]<\/p>\n<h2>R\u00e9paration professionnelle de la BMW NBT Evo<\/h2>\n<p>Vous avez des probl\u00e8mes avec votre unit\u00e9 principale BMW NBT Evo ? Vous pouvez rapidement faire appel \u00e0 Elektrofix pour des r\u00e9parations expertes. Nous assurons la r\u00e9paration \u00e0 100% de tous les NBT Evo sur les mod\u00e8les BMW suivants :<\/p>\n<ul>\n<li>BMW S\u00e9rie 1 F20\/F21 &#8211; 03\/2015 -.<\/li>\n<li>BMW S\u00e9rie 2 F22 &#8211; 03\/2015 -.<\/li>\n<li>BMW S\u00e9rie 2 F23 &#8211; 11\/2014 -.<\/li>\n<li>BMW S\u00e9rie 3 F30\/F31\/F34\/F80 &#8211; 07\/2015 -.<\/li>\n<li>BMW S\u00e9rie 4 F32\/F33\/F36 &#8211; 07\/2015 -.<\/li>\n<li>BMW S\u00e9rie 5 G30 &#8211; 10\/2016 -.<\/li>\n<li>BMW S\u00e9rie 6 F06\/F12\/F13 &#8211; 03\/2013 -.<u><\/u><\/li>\n<\/ul>\n<p>Lorsque vous venez avec votre voiture, nous effectuons la r\u00e9paration dans un d\u00e9lai de 1 \u00e0 3 heures. Comprend le montage et le codage de la navigation avec l&rsquo;\u00e9quipement d&rsquo;origine.[\/vc_column_text][vc_btn title=\u00a0\u00bbDemande de devis\u00a0\u00bb style=\u00a0\u00bbcustom\u00a0\u00bb custom_text=\u00a0\u00bb#666666&Prime; el_class=\u00a0\u00bbwhite-btn\u00a0\u00bb link=\u00a0\u00bburl:%2Ffr%2Fcontacter%2F|title:Contact|target:%20_blank|rel:nofollow\u00a0\u00bb][\/vc_column][\/vc_row][vc_row][vc_column][vc_gallery type=\u00a0\u00bbflexslider_slide\u00a0\u00bb interval=\u00a0\u00bb5&Prime; images=\u00a0\u00bb4148,4144,4147,4145,4146&Prime; img_size=\u00a0\u00bbfull\u00a0\u00bb onclick=\u00a0\u00bb\u00a0\u00bb][\/vc_column][\/vc_row][vc_row full_width=\u00a0\u00bbstretch_row\u00a0\u00bb css=\u00a0\u00bb.vc_custom_1612202018327{padding-top: 50px !important;padding-bottom: 15px !important;}\u00a0\u00bb][vc_column css=\u00a0\u00bb.vc_custom_1612180223540{padding-top: 0px !important;padding-bottom: 0px !important;}\u00a0\u00bb][vc_column_text]<\/p>\n<h2>Probl\u00e8mes courants avec la navigation BMW CCC<\/h2>\n<p>Souffrez-vous d&rsquo;un des probl\u00e8mes ci-dessous ? Elektrofix peut vous aider. Il n&rsquo;est pas n\u00e9cessaire de faire passer la voiture. Chez Elektrofix, il est \u00e9galement possible d&rsquo;envoyer l&rsquo;appareil par la poste pour r\u00e9paration. Vous pouvez le faire \u00e0 l&rsquo;aide de notre <strong><a style=\"color: #1f71b8;\" title=\"Formulaire de r\u00e9paration\" href=\"https:\/\/www.elektrofix.nl\/wp-content\/uploads\/Elektrofix-reparatieformulier-interactief-fr-1.pdf\" target=\"_blank\" rel=\"noopener\">formulaire de r\u00e9paration<\/a><\/strong>.<\/p>\n<ul>\n<li>La navigation est bloqu\u00e9e sur l&rsquo;\u00e9cran de chargement, l&rsquo;\u00e9cran affichant le message \u00ab\u00a0chargement en cours\u00a0\u00bb<\/li>\n<li>L&rsquo;\u00e9cran entier est noir ou ne donne aucune image<\/li>\n<li>Le logo BMW sur l&rsquo;\u00e9cran semble \u00eatre bloqu\u00e9<\/li>\n<li>La navigation red\u00e9marre r\u00e9guli\u00e8rement et ne fonctionne que pendant quelques minutes avant de red\u00e9marrer.<\/li>\n<li>NBT evo iDrive ne d\u00e9marre pas ou ne fonctionne pas du tout<\/li>\n<li>Le syst\u00e8me de navigation ne r\u00e9pond pas du tout<\/li>\n<li>Le syst\u00e8me de navigation ne d\u00e9marre pas ou d\u00e9marre lentement lorsque le syst\u00e8me est chaud.<\/li>\n<li>Absence de son ou perte de son pendant la conduite<\/li>\n<li>Probl\u00e8mes de codage ou codage incorrect<\/li>\n<li>Impossible de lire un DVD ou un CD<\/li>\n<li>Le menu de navigation n&rsquo;est pas actif ou ne fonctionne pas correctement.<\/li>\n<li>Apple CarPlay ne fonctionne pas correctement<\/li>\n<\/ul>\n<p>Si vous rencontrez l&rsquo;un des probl\u00e8mes ci-dessus avec votre unit\u00e9 principale NBT Evo, il est important de la faire r\u00e9parer d\u00e8s que possible. Cela permettra d&rsquo;\u00e9viter d&rsquo;autres probl\u00e8mes et de garantir que votre exp\u00e9rience de conduite n&rsquo;est pas compromise. Elektrofix est l\u00e0 pour vous aider avec des r\u00e9parations fiables et efficaces pour redonner \u00e0 votre NBT evo ses performances optimales.<\/p>\n<p>Nous r\u00e9parons \u00e9galement d&rsquo;autres marques d&rsquo;unit\u00e9s de navigation, de changeurs CD, DVD, etc. De presque toutes les marques de voitures.[\/vc_column_text][vc_btn title=\u00a0\u00bbPlus d&rsquo;informations sur la r\u00e9paration des syst\u00e8mes de navigation automobile\u00a0\u00bb style=\u00a0\u00bb3d\u00a0\u00bb color=\u00a0\u00bbprimary\u00a0\u00bb link=\u00a0\u00bburl:%2Ffr%2Freparation-de-la-navigation-automobile%2F|title:Autonavigatie%20Reparatie|target:%20_blank|rel:nofollow\u00a0\u00bb][vc_column_text]<\/p>\n<h2>Envoyez votre syst\u00e8me de navigation BMW NBT Evo pour r\u00e9paration<\/h2>\n<p title=\"Bmw apple carplay activate evo id5 id6 navigation\">Vous voulez savoir comment soumettre votre BMW NBT Evo navigation pour r\u00e9paration ? Nous expliquons ci-dessous ce qu&rsquo;il en est :<\/p>\n<p class=\"title\" title=\"Bmw apple carplay activate evo id5 id6 navigation\">1. Vous nous envoyez votre appareil avec le <strong><br \/>\n<a style=\"color: #1f71b8;\" title=\"Formulaire de r\u00e9paration\" href=\"https:\/\/www.elektrofix.nl\/wp-content\/uploads\/Elektrofix-reparatieformulier-interactief-fr-1.pdf\" target=\"_blank\" rel=\"noopener\">formulaire de r\u00e9paration<\/a><br \/>\n<\/strong>. N&rsquo;oubliez pas d&rsquo;indiquer votre nom, votre adresse et votre num\u00e9ro de t\u00e9l\u00e9phone et de bien emballer votre envoi pour \u00e9viter d&rsquo;endommager les marchandises.<br \/>\n2. Nous r\u00e9parerons votre appareil si possible. Avez-vous d\u00e9j\u00e0 pris rendez-vous pour une r\u00e9paration sur place ? Cette op\u00e9ration dure g\u00e9n\u00e9ralement deux heures. Sans rendez-vous, il faut compter 1 \u00e0 2 jours avant que votre appareil ne soit r\u00e9par\u00e9.<br \/>\n3. L&rsquo;appareil vous sera renvoy\u00e9. Cet envoi est assur\u00e9 et vous recevrez un code de suivi pour cet envoi.<br \/>\n4. Le paiement est effectu\u00e9 par virement bancaire apr\u00e8s r\u00e9paration.<br \/>\n5. Nous renverrons le colis dans le m\u00eame emballage que celui dans lequel il est arriv\u00e9.<\/p>\n<p>[\/vc_column_text][vc_column_text]<\/p>\n<h3 title=\"Bmw apple carplay activate evo id5 id6 navigation\">Garantie de r\u00e9paration<\/h3>\n<p>Nous offrons une garantie standard d&rsquo;un an sur toutes nos r\u00e9parations.[\/vc_column_text][\/vc_column][\/vc_row][vc_row full_width=\u00a0\u00bbstretch_row\u00a0\u00bb css=\u00a0\u00bb.vc_custom_1612199972923{margin-top: 50px !important;margin-bottom: 50px !important;padding-top: 0px !important;padding-bottom: 0px !important;background-image: url(https:\/\/www.elektrofix.nl\/wp-content\/uploads\/pexels-ingo-joseph-13781-1.png?id=250) !important;background-position: center !important;background-repeat: no-repeat !important;background-size: cover !important;}\u00a0\u00bb el_class=\u00a0\u00bbcta-box\u00a0\u00bb][vc_column css=\u00a0\u00bb.vc_custom_1612180223540{padding-top: 0px !important;padding-bottom: 0px !important;}\u00a0\u00bb][vc_row_inner equal_height=\u00a0\u00bbyes\u00a0\u00bb content_placement=\u00a0\u00bbmiddle\u00a0\u00bb css=\u00a0\u00bb.vc_custom_1612260140510{padding-top: 0px !important;padding-bottom: 0px !important;}\u00a0\u00bb][vc_column_inner el_class=\u00a0\u00bbcta-gradient-box\u00a0\u00bb width=\u00a0\u00bb1\/2&Prime; css=\u00a0\u00bb.vc_custom_1612200066371{padding-top: 65px !important;padding-bottom: 35px !important;}\u00a0\u00bb][vc_column_text]<\/p>\n<h2>Vous souhaitez conna\u00eetre \u00e0 l&rsquo;avance le prix d&rsquo;une r\u00e9paration ? Obtenir un devis :<\/h2>\n<p>[\/vc_column_text][vc_btn title=\u00a0\u00bbDemande de devis\u00a0\u00bb style=\u00a0\u00bbcustom\u00a0\u00bb custom_text=\u00a0\u00bb#666666&Prime; el_class=\u00a0\u00bbwhite-btn\u00a0\u00bb link=\u00a0\u00bburl:%2Ffr%2Fcontacter%2F|title:Contact|target:%20_blank|rel:nofollow\u00a0\u00bb][\/vc_column_inner][vc_column_inner width=\u00a0\u00bb1\/2&Prime; css=\u00a0\u00bb.vc_custom_1612180248955{padding-top: 0px !important;padding-bottom: 0px !important;}\u00a0\u00bb][\/vc_column_inner][\/vc_row_inner][\/vc_column][\/vc_row][vc_row][vc_column][vc_column_text][trustindex no-registration=\u00a0\u00bbgoogle\u00a0\u00bb][\/vc_column_text][\/vc_column][\/vc_row]<\/p>\n","protected":false},"excerpt":{"rendered":"<p>[vc_row full_width=\u00a0\u00bbstretch_row\u00a0\u00bb css=\u00a0\u00bb.vc_custom_1612202182063{padding-top: 30px !important;padding-bottom: 15px !important;}\u00a0\u00bb][vc_column css=\u00a0\u00bb.vc_custom_1612180223540{padding-top: 0px !important;padding-bottom: 0px !important;}\u00a0\u00bb][vc_column_text] R\u00e9paration professionnelle de la BMW NBT Evo Vous avez des probl\u00e8mes avec votre<a class=\"moretag\" href=\"https:\/\/www.elektrofix.nl\/fr\/bmw-fr\/bmw-nbt-evo-reparation\/\">&#8230;<\/a><\/p>\n","protected":false},"author":3,"featured_media":0,"comment_status":"closed","ping_status":"closed","sticky":false,"template":"","format":"standard","meta":{"footnotes":""},"categories":[165],"tags":[166,167,198,188,171,204,200,202,187,189,195,191,193,169],"class_list":["post-7648","post","type-post","status-publish","format-standard","hentry","category-bmw-fr","tag-bmw-fr","tag-bmw-navigation-reparation","tag-bmw-nbt-evo-fr","tag-bmw-nbt-reparation","tag-hdd-reperation","tag-id4-fr","tag-id5-fr","tag-id6-fr","tag-nbt-fr","tag-nbt-encodage","tag-nbt-evo-fr","tag-nbt-flash","tag-nbt-programmation","tag-reparation-de-la-navigation"],"_links":{"self":[{"href":"https:\/\/www.elektrofix.nl\/fr\/wp-json\/wp\/v2\/posts\/7648","targetHints":{"allow":["GET"]}}],"collection":[{"href":"https:\/\/www.elektrofix.nl\/fr\/wp-json\/wp\/v2\/posts"}],"about":[{"href":"https:\/\/www.elektrofix.nl\/fr\/wp-json\/wp\/v2\/types\/post"}],"author":[{"embeddable":true,"href":"https:\/\/www.elektrofix.nl\/fr\/wp-json\/wp\/v2\/users\/3"}],"replies":[{"embeddable":true,"href":"https:\/\/www.elektrofix.nl\/fr\/wp-json\/wp\/v2\/comments?post=7648"}],"version-history":[{"count":2,"href":"https:\/\/www.elektrofix.nl\/fr\/wp-json\/wp\/v2\/posts\/7648\/revisions"}],"predecessor-version":[{"id":8276,"href":"https:\/\/www.elektrofix.nl\/fr\/wp-json\/wp\/v2\/posts\/7648\/revisions\/8276"}],"wp:attachment":[{"href":"https:\/\/www.elektrofix.nl\/fr\/wp-json\/wp\/v2\/media?parent=7648"}],"wp:term":[{"taxonomy":"category","embeddable":true,"href":"https:\/\/www.elektrofix.nl\/fr\/wp-json\/wp\/v2\/categories?post=7648"},{"taxonomy":"post_tag","embeddable":true,"href":"https:\/\/www.elektrofix.nl\/fr\/wp-json\/wp\/v2\/tags?post=7648"}],"curies":[{"name":"wp","href":"https:\/\/api.w.org\/{rel}","templated":true}]}}