{"id":7642,"date":"2024-02-19T10:18:27","date_gmt":"2024-02-19T09:18:27","guid":{"rendered":"https:\/\/www.elektrofix.nl\/bmw-cic-navigation-reparation\/"},"modified":"2024-03-20T11:09:34","modified_gmt":"2024-03-20T10:09:34","slug":"bmw-cic-navigation-reparation","status":"publish","type":"post","link":"https:\/\/www.elektrofix.nl\/fr\/bmw-fr\/bmw-cic-navigation-reparation\/","title":{"rendered":"BMW CIC Navigation R\u00e9paration"},"content":{"rendered":"<p>[vc_row full_width=\u00a0\u00bbstretch_row\u00a0\u00bb css=\u00a0\u00bb.vc_custom_1612202182063{padding-top: 30px !important;padding-bottom: 15px !important;}\u00a0\u00bb][vc_column css=\u00a0\u00bb.vc_custom_1612180223540{padding-top: 0px !important;padding-bottom: 0px !important;}\u00a0\u00bb][vc_column_text]<\/p>\n<h2 id=\"title\" class=\"title\" title=\"Bmw apple carplay activate evo id5 id6 navigation\"><strong>Bmw CIC Navigation Repair<\/strong><\/h2>\n<p>Vous avez des probl\u00e8mes avec votre unit\u00e9 principale BMW CIC Profess\u0131onal iDrive ? Elektrofix vous aide \u00e0 r\u00e9parer votre syst\u00e8me de navigation BMW CIC ! Notre \u00e9quipe de techniciens qualifi\u00e9s est sp\u00e9cialis\u00e9e dans la r\u00e9paration des unit\u00e9s CIC pour les mod\u00e8les BMW,<\/p>\n<p>Nous r\u00e9parons les modules CIC pour tous les mod\u00e8les BMW compatibles :<\/p>\n<ul>\n<li>BMW S\u00e9rie 1 2008-2012 (E81, E82, E87, E88)<\/li>\n<li>BMW S\u00e9rie 1 2012-2013 (F20, F21)<\/li>\n<li>BMW S\u00e9rie 3 2008-2012 (E90, E91, E92, E93)<\/li>\n<li>BMW S\u00e9rie 3 2012-2013 (F30, F31, F80)<\/li>\n<li>BMW 4 Ser\u0131e 2012-2013 (F34)<\/li>\n<li>BMW S\u00e9rie 5 2008-2010 (E60, E61)<\/li>\n<li>BMW S\u00e9rie 5 2010-2013 (F7, F10, F11)<\/li>\n<li>BMW S\u00e9rie 6 2008-2010 (E63, E64)<\/li>\n<li>BMW S\u00e9rie 7 2008-2010 (E65, E66, E67, E68)<\/li>\n<li>BMW S\u00e9rie 7 2010-2013 (F01, F02)<\/li>\n<li>BMW X1 E84<\/li>\n<li>BMW X3 F25<\/li>\n<li>BMW X5 E70<\/li>\n<li>BMW X6 E71<\/li>\n<\/ul>\n<p>Lorsque vous venez avec votre voiture, nous effectuons la r\u00e9paration dans un d\u00e9lai de 1 \u00e0 3 heures. Comprend le montage et le codage de la navigation avec l&rsquo;\u00e9quipement d&rsquo;origine.[\/vc_column_text][vc_btn title=\u00a0\u00bbDemande de devis\u00a0\u00bb style=\u00a0\u00bbcustom\u00a0\u00bb custom_text=\u00a0\u00bb#666666&Prime; el_class=\u00a0\u00bbwhite-btn\u00a0\u00bb link=\u00a0\u00bburl:%2Ffr%2Fcontacter%2F|title:Contact|target:%20_blank|rel:nofollow\u00a0\u00bb][\/vc_column][\/vc_row][vc_row][vc_column][vc_gallery type=\u00a0\u00bbflexslider_slide\u00a0\u00bb interval=\u00a0\u00bb5&Prime; images=\u00a0\u00bb4162,4161,4163&Prime; img_size=\u00a0\u00bbfull\u00a0\u00bb onclick=\u00a0\u00bb\u00a0\u00bb][\/vc_column][\/vc_row][vc_row full_width=\u00a0\u00bbstretch_row\u00a0\u00bb css=\u00a0\u00bb.vc_custom_1612202018327{padding-top: 50px !important;padding-bottom: 15px !important;}\u00a0\u00bb][vc_column css=\u00a0\u00bb.vc_custom_1612180223540{padding-top: 0px !important;padding-bottom: 0px !important;}\u00a0\u00bb][vc_column_text]<\/p>\n<h2>Probl\u00e8mes avec votre unit\u00e9 principale BMW CIC ?<\/h2>\n<p>Chez Elektrofix, nous comprenons \u00e0 quel point il peut \u00eatre frustrant que votre CIC Professional ne fonctionne pas correctement. C&rsquo;est pourquoi nous proposons des r\u00e9parations rapides et fiables pour que votre unit\u00e9 de t\u00eate fonctionne \u00e0 nouveau sans probl\u00e8me. Que votre appareil soit bloqu\u00e9 sur l&rsquo;\u00e9cran de chargement, qu&rsquo;il subisse des pannes, des red\u00e9marrages ou des probl\u00e8mes de navigation ou de son. Notre \u00e9quipe dispose de l&rsquo;expertise n\u00e9cessaire pour diagnostiquer et r\u00e9soudre le probl\u00e8me.<\/p>\n<p>Voici quelques probl\u00e8mes courants que nous pouvons r\u00e9parer :<\/p>\n<ul>\n<li>Le CIC iDrive ne cesse de red\u00e9marrer ou de passer du logo BMW \u00e0 un \u00e9cran noir ;<\/li>\n<li>Le CIC iDrive ne fonctionne pleinement que certains jours ou \u00e0 certaines temp\u00e9ratures ;<\/li>\n<li>Le CIC iDrive ne fonctionne pas du tout ou l&rsquo;\u00e9cran est noir ;<\/li>\n<li>La fonction de navigation est d\u00e9sactiv\u00e9e ;<\/li>\n<li>Le CIC ne peut pas lire les disques ;<\/li>\n<li>Le CIC ne d\u00e9marre pas compl\u00e8tement ou reste sur le logo BMW ;<\/li>\n<li>L&rsquo;\u00e9cran (CID) devient noir\/rouge de temps en temps ou reste noir\/rouge en permanence ;<\/li>\n<li>Le menu de navigation n&rsquo;est pas actif.<\/li>\n<\/ul>\n<p>Si vous rencontrez l&rsquo;un de ces probl\u00e8mes avec votre unit\u00e9 principale CIC Profess\u0131onal, il est important de la faire r\u00e9parer d\u00e8s que possible afin d&rsquo;\u00e9viter d&rsquo;autres probl\u00e8mes et de garantir que votre exp\u00e9rience de conduite n&rsquo;est pas compromise.[\/vc_column_text][vc_btn title=\u00a0\u00bbPlus d&rsquo;informations sur la r\u00e9paration des syst\u00e8mes de navigation automobile\u00a0\u00bb style=\u00a0\u00bb3d\u00a0\u00bb color=\u00a0\u00bbprimary\u00a0\u00bb link=\u00a0\u00bburl:%2Ffr%2Freparation-de-la-navigation-automobile%2F|title:Autonavigatie%20Reparatie|target:%20_blank|rel:nofollow\u00a0\u00bb][vc_column_text]<\/p>\n<h2>Envoi de l&rsquo;unit\u00e9 principale BMW CIC pour r\u00e9paration<\/h2>\n<p title=\"Bmw apple carplay activate evo id5 id6 navigation\">Vous voulez savoir comment soumettre votre BMW CIC navigation pour r\u00e9paration ? Nous expliquons ci-dessous ce qu&rsquo;il en est :<\/p>\n<p class=\"title\" title=\"Bmw apple carplay activate evo id5 id6 navigation\">1. Vous nous envoyez votre appareil avec le <strong><br \/>\n<a style=\"color: #1f71b8;\" title=\"Formulaire de r\u00e9paration\" href=\"https:\/\/www.elektrofix.nl\/wp-content\/uploads\/Elektrofix-reparatieformulier-interactief-fr-1.pdf\" target=\"_blank\" rel=\"noopener\">formulaire de r\u00e9paration<\/a><br \/>\n<\/strong>. N&rsquo;oubliez pas d&rsquo;indiquer votre nom, votre adresse et votre num\u00e9ro de t\u00e9l\u00e9phone et de bien emballer votre envoi pour \u00e9viter d&rsquo;endommager les marchandises.<br \/>\n2. Nous r\u00e9parerons votre appareil si possible. Avez-vous d\u00e9j\u00e0 pris rendez-vous pour une r\u00e9paration sur place ? Cette op\u00e9ration dure g\u00e9n\u00e9ralement deux heures. Sans rendez-vous, il faut compter 1 \u00e0 2 jours avant que votre appareil ne soit r\u00e9par\u00e9.<br \/>\n3. L&rsquo;appareil vous sera renvoy\u00e9. Cet envoi est assur\u00e9 et vous recevrez un code de suivi pour cet envoi.<br \/>\n4. Le paiement est effectu\u00e9 par virement bancaire apr\u00e8s r\u00e9paration.<br \/>\n5. Nous renverrons le colis dans le m\u00eame emballage que celui dans lequel il est arriv\u00e9.<\/p>\n<p>[\/vc_column_text][vc_column_text]<\/p>\n<h3 title=\"Bmw apple carplay activate evo id5 id6 navigation\">Garantie de r\u00e9paration<\/h3>\n<p>Nous offrons une garantie standard d&rsquo;un an sur toutes nos r\u00e9parations.[\/vc_column_text][vc_column_text]<\/p>\n<h2>Contactez Elektrofix pour la r\u00e9paration de BMW CIC<\/h2>\n<p>Nous sommes fiers de fournir un service de premi\u00e8re classe et des r\u00e9parations de qualit\u00e9. Comment fonctionne exactement la r\u00e9paration ? Nous commen\u00e7ons par identifier la cause du probl\u00e8me, puis nous fournissons une solution rentable pour que l&rsquo;unit\u00e9 CIC fonctionne \u00e0 nouveau de mani\u00e8re optimale. Nous garantissons notre travail avec une garantie de satisfaction d&rsquo;un an. Cela signifie que si vous rencontrez des probl\u00e8mes avec la r\u00e9paration au cours de la premi\u00e8re ann\u00e9e, nous la r\u00e9parerons gratuitement. Vous pouvez donc \u00eatre s\u00fbr que votre unit\u00e9 de t\u00eate CIC Profess\u0131onal est entre de bonnes mains avec Elektrofix.<\/p>\n<p>Ne laissez plus les probl\u00e8mes de t\u00eate de CIC Profess\u0131onal g\u00e2cher votre exp\u00e9rience de conduite. Contactez Elektrofix d\u00e8s aujourd&rsquo;hui pour planifier votre r\u00e9paration et reprendre la route avec une unit\u00e9 principale CIC en parfait \u00e9tat de marche.[\/vc_column_text][\/vc_column][\/vc_row][vc_row full_width=\u00a0\u00bbstretch_row\u00a0\u00bb css=\u00a0\u00bb.vc_custom_1612199972923{margin-top: 50px !important;margin-bottom: 50px !important;padding-top: 0px !important;padding-bottom: 0px !important;background-image: url(https:\/\/www.elektrofix.nl\/wp-content\/uploads\/pexels-ingo-joseph-13781-1.png?id=250) !important;background-position: center !important;background-repeat: no-repeat !important;background-size: cover !important;}\u00a0\u00bb el_class=\u00a0\u00bbcta-box\u00a0\u00bb][vc_column css=\u00a0\u00bb.vc_custom_1612180223540{padding-top: 0px !important;padding-bottom: 0px !important;}\u00a0\u00bb][vc_row_inner equal_height=\u00a0\u00bbyes\u00a0\u00bb content_placement=\u00a0\u00bbmiddle\u00a0\u00bb css=\u00a0\u00bb.vc_custom_1612260140510{padding-top: 0px !important;padding-bottom: 0px !important;}\u00a0\u00bb][vc_column_inner el_class=\u00a0\u00bbcta-gradient-box\u00a0\u00bb width=\u00a0\u00bb1\/2&Prime; css=\u00a0\u00bb.vc_custom_1612200066371{padding-top: 65px !important;padding-bottom: 35px !important;}\u00a0\u00bb][vc_column_text]<\/p>\n<h2>Vous souhaitez conna\u00eetre \u00e0 l&rsquo;avance le prix d&rsquo;une r\u00e9paration ? Obtenir un devis :<\/h2>\n<p>[\/vc_column_text][vc_btn title=\u00a0\u00bbDemande de devis\u00a0\u00bb style=\u00a0\u00bbcustom\u00a0\u00bb custom_text=\u00a0\u00bb#666666&Prime; el_class=\u00a0\u00bbwhite-btn\u00a0\u00bb link=\u00a0\u00bburl:%2Ffr%2Fcontacter%2F|title:Contact|target:%20_blank|rel:nofollow\u00a0\u00bb][\/vc_column_inner][vc_column_inner width=\u00a0\u00bb1\/2&Prime; css=\u00a0\u00bb.vc_custom_1612180248955{padding-top: 0px !important;padding-bottom: 0px !important;}\u00a0\u00bb][\/vc_column_inner][\/vc_row_inner][\/vc_column][\/vc_row][vc_row][vc_column][vc_column_text][trustindex no-registration=\u00a0\u00bbgoogle\u00a0\u00bb][\/vc_column_text][\/vc_column][\/vc_row]<\/p>\n","protected":false},"excerpt":{"rendered":"<p>[vc_row full_width=\u00a0\u00bbstretch_row\u00a0\u00bb css=\u00a0\u00bb.vc_custom_1612202182063{padding-top: 30px !important;padding-bottom: 15px !important;}\u00a0\u00bb][vc_column css=\u00a0\u00bb.vc_custom_1612180223540{padding-top: 0px !important;padding-bottom: 0px !important;}\u00a0\u00bb][vc_column_text] Bmw CIC Navigation Repair Vous avez des probl\u00e8mes avec votre unit\u00e9 principale BMW<a class=\"moretag\" href=\"https:\/\/www.elektrofix.nl\/fr\/bmw-fr\/bmw-cic-navigation-reparation\/\">&#8230;<\/a><\/p>\n","protected":false},"author":3,"featured_media":0,"comment_status":"closed","ping_status":"closed","sticky":false,"template":"","format":"standard","meta":{"footnotes":""},"categories":[165],"tags":[166,173,167,179,183,181,175,177,171,169],"class_list":["post-7642","post","type-post","status-publish","format-standard","hentry","category-bmw-fr","tag-bmw-fr","tag-bmw-cic-fr","tag-bmw-navigation-reparation","tag-cic-flashing","tag-cic-professionnel","tag-cic-programmation","tag-cic-reparation","tag-encodage-cic","tag-hdd-reperation","tag-reparation-de-la-navigation"],"_links":{"self":[{"href":"https:\/\/www.elektrofix.nl\/fr\/wp-json\/wp\/v2\/posts\/7642","targetHints":{"allow":["GET"]}}],"collection":[{"href":"https:\/\/www.elektrofix.nl\/fr\/wp-json\/wp\/v2\/posts"}],"about":[{"href":"https:\/\/www.elektrofix.nl\/fr\/wp-json\/wp\/v2\/types\/post"}],"author":[{"embeddable":true,"href":"https:\/\/www.elektrofix.nl\/fr\/wp-json\/wp\/v2\/users\/3"}],"replies":[{"embeddable":true,"href":"https:\/\/www.elektrofix.nl\/fr\/wp-json\/wp\/v2\/comments?post=7642"}],"version-history":[{"count":2,"href":"https:\/\/www.elektrofix.nl\/fr\/wp-json\/wp\/v2\/posts\/7642\/revisions"}],"predecessor-version":[{"id":8274,"href":"https:\/\/www.elektrofix.nl\/fr\/wp-json\/wp\/v2\/posts\/7642\/revisions\/8274"}],"wp:attachment":[{"href":"https:\/\/www.elektrofix.nl\/fr\/wp-json\/wp\/v2\/media?parent=7642"}],"wp:term":[{"taxonomy":"category","embeddable":true,"href":"https:\/\/www.elektrofix.nl\/fr\/wp-json\/wp\/v2\/categories?post=7642"},{"taxonomy":"post_tag","embeddable":true,"href":"https:\/\/www.elektrofix.nl\/fr\/wp-json\/wp\/v2\/tags?post=7642"}],"curies":[{"name":"wp","href":"https:\/\/api.w.org\/{rel}","templated":true}]}}