{"id":7674,"date":"2024-02-19T10:18:45","date_gmt":"2024-02-19T09:18:45","guid":{"rendered":"https:\/\/www.elektrofix.nl\/unkategorisiert\/bmw-apple-carplay-aktivierung\/"},"modified":"2024-03-20T10:41:03","modified_gmt":"2024-03-20T09:41:03","slug":"bmw-apple-carplay-aktivierung","status":"publish","type":"post","link":"https:\/\/www.elektrofix.nl\/de\/bmw-de\/bmw-apple-carplay-aktivierung\/","title":{"rendered":"BMW Apple CarPlay-Aktivierung"},"content":{"rendered":"<p>[vc_row full_width=&#8220;stretch_row&#8220; css=&#8220;.vc_custom_1612202182063{padding-top: 30px !important;padding-bottom: 15px !important;}&#8220;][vc_column css=&#8220;.vc_custom_1612180223540{padding-top: 0px !important;padding-bottom: 0px !important;}&#8220;][vc_column_text]<\/p>\n<h2 class=\"title\" title=\"Bmw apple carplay aktivieren evo id5 id6 navigation\">Brauchen Sie Apple CarPlay? Wir installieren f\u00fcr Ihr BMW Fahrzeug.<\/h2>\n<h5>4 Juni &#8217;21, 10:30<\/h5>\n<p>[\/vc_column_text][\/vc_column][\/vc_row][vc_row][vc_column][vc_row_inner equal_height=&#8220;yes&#8220; content_placement=&#8220;top&#8220; css=&#8220;.vc_custom_1619818272627{padding-top: 0px !important;padding-bottom: 0px !important;}&#8220;][vc_column_inner width=&#8220;5\/6&#8243; css=&#8220;.vc_custom_1612180239327{padding-top: 0px !important;padding-bottom: 0px !important;}&#8220;][vc_gallery type=&#8220;flexslider_slide&#8220; interval=&#8220;5&#8243; images=&#8220;888,886&#8243; img_size=&#8220;full&#8220; onclick=&#8220;&#8220;][\/vc_column_inner][vc_column_inner width=&#8220;1\/6&#8243; css=&#8220;.vc_custom_1619818082326{padding-top: 0px !important;padding-bottom: 0px !important;}&#8220;][vc_column_text]<\/p>\n<h2 style=\"font-size: 2rem; line-height: 1.1;\"><span class=\"bluec\">Auf<\/span> Anfrage<\/h2>\n<p>[\/vc_column_text][vc_btn title=&#8220;Kontakt&#8220; style=&#8220;3d&#8220; color=&#8220;primary&#8220; size=&#8220;sm&#8220; link=&#8220;url:%2Fde%2Fkontakt%2F|title:Contact|target:%20_blank|rel:nofollow&#8220;][\/vc_column_inner][\/vc_row_inner][\/vc_column][\/vc_row][vc_row full_width=&#8220;stretch_row&#8220; css=&#8220;.vc_custom_1612202018327{padding-top: 50px !important;padding-bottom: 15px !important;}&#8220;][vc_column css=&#8220;.vc_custom_1612180223540{padding-top: 0px !important;padding-bottom: 0px !important;}&#8220;][vc_column_text]<\/p>\n<h2>Brauchen Sie Apple CarPlay? Wir aktivieren Ihr BMW Apple Carplay<\/h2>\n<p>M\u00f6chten Sie BMW Apple Carplay aktivieren? Elektrofix installiert gerne Apple Carplay f\u00fcr Ihr BMW Fahrzeug. Mit Apple Carplay k\u00f6nnen Sie viele Apps auf Ihrem iPhone ganz einfach w\u00e4hrend der Fahrt in Ihrem BMW nutzen. Sie k\u00f6nnen Ihr iPhone sogar ganz einfach \u00fcber das BMW iDrive System in Ihrem BMW bedienen. Sie k\u00f6nnen auch Sprachbefehle \u00fcber Apple Siri verwenden. Sagen Sie dann &#8222;Hey Siri&#8220; oder dr\u00fccken Sie die Sprachtaste am Lenkrad, um Siri zu aktivieren. So einfach ist das also! Sie m\u00f6chten also in Ihrem BMW auf zahlreiche Funktionen Ihres iPhones zugreifen? Dann lassen Sie BMW Apple Carplay von Elektrofix aktivieren!<br \/>\n[\/vc_column_text][vc_column_text]<\/p>\n<h2>Vorteile der BMW Apple Carplay Aktivierung<\/h2>\n<p>Wenn Sie BMW Apple Carplay aktivieren, k\u00f6nnen Sie Ihre Lieblings-Apps w\u00e4hrend der Fahrt nutzen. Damit haben Sie Zugang zu Telefondiensten und Messaging-Apps. Aber auch zu bester Unterhaltung mit Apple Music, Podcasts und vielem mehr. Ihr iPhone wird drahtlos verbunden. Das Anschlie\u00dfen von Kabeln geh\u00f6rt der Vergangenheit an. Dabei steuern Sie Ihr iPhone ganz einfach per Touchbedienung \u00fcber das Control Display oder per Sprachbefehl \u00fcber Apple Siri. Au\u00dferdem werden die Vorteile von BMW Apple Carplay aktiviert:<\/p>\n<ul>\n<li>Navigation \u00fcber Apple Maps, Google Maps und Waze<\/li>\n<li>Navigationshinweise Apple Maps im BMW Head-up Display und in der Instrumententafel<\/li>\n<li>Aktuelle Kartenanzeige von Apple Maps in der Instrumententafel (BMW OS8)<\/li>\n<\/ul>\n<p>[\/vc_column_text][vc_column_text]<\/p>\n<h2>Ist mein BMW mit Apple Carplay kompatibel?<\/h2>\n<p>Damit BMW Apple Carplay aktivieren kann, ist Folgendes erforderlich:<\/p>\n<ul>\n<li>Ein BMW, der ab Juli 2016 hergestellt wurde und mit der Sonderausstattung Apple Carplay Vorbereitung oder Smartphone-Integration (SA 6CP) ausgestattet ist<\/li>\n<li>Ein BMW mit der Sonderausstattung Connected Pack Plus (6C2) oder Connected Pack Professional (6C3\/4)<\/li>\n<li>Mindestens ein iPhone 5 mit iOS Version 9.3 oder h\u00f6her und einem aktiven Datentarif<\/li>\n<li>Auf dem iPhone sind Siri, Wi-Fi und Bluetooth aktiviert.<\/li>\n<\/ul>\n<p>Bitte beachten Sie, dass die Anforderungen und die Verf\u00fcgbarkeit von Land zu Land unterschiedlich sein k\u00f6nnen. Sie m\u00f6chten sicherstellen, dass Ihr BMW Apple Carplay-f\u00e4hig ist? Fragen Sie uns ruhig nach den M\u00f6glichkeiten. Der Apple Carplay Dienst ist immer zeitlich unbegrenzt und dauerhaft in Ihrem BMW verf\u00fcgbar, wenn Ihr BMW daf\u00fcr geeignet ist.<\/p>\n<h2>Keine Wi-Fi-Antenne vorhanden?<\/h2>\n<p>Bei Elektrofix k\u00f6nnen wir eine Wifi-Antenne f\u00fcr Sie installieren, wenn diese nicht vorhanden ist, um BWM Apple Carplay zu aktivieren. Schicken Sie uns eine Nachricht, wenn Sie eine Wifi-Antenne ben\u00f6tigen, um das Auto zu verbinden. 90 % der Modelle sind bereits ab Werk mit einer Wi-Fi-Antenne ausgestattet. Sind Sie nicht sicher, ob Sie das haben? Dann kontaktieren Sie uns.<\/p>\n<h2>Neugierig auf die M\u00f6glichkeiten? Kontakt aufnehmen<\/h2>\n<p>Sind Sie neugierig auf die M\u00f6glichkeiten der BMW Apple Carplay Aktivierung? Die Experten von Elektrofix sind f\u00fcr Sie da! F\u00fcr weitere Informationen k\u00f6nnen Sie uns gerne kontaktieren. Sie erreichen uns telefonisch unter der Nummer <a href=\"tel:0625387023\">06 &#8211; 25 38 70 23<\/a> oder per E-Mail. Nat\u00fcrlich k\u00f6nnen Sie uns auch eine E-Mail an <a href=\"mailto:info@elektrofix.nl\">info@elektrofix.nl schicken.<\/a><br \/>\n[\/vc_column_text][vc_row_inner css=&#8220;.vc_custom_1612260131186{padding-top: 0px !important;padding-bottom: 0px !important;}&#8220;][vc_column_inner css=&#8220;.vc_custom_1612180239327{padding-top: 0px !important;padding-bottom: 0px !important;}&#8220;][vc_column_text]<u>Aktion zur Aktivierung von Apple Carplay!<\/u><\/p>\n<h4 id=\"title\" class=\"title\" title=\"Bmw apple carplay aktivieren evo id5 id6 navigation\">Bmw Apple CarPlay Aktivieren evo id5 id6 Navigation<\/h4>\n<p>&nbsp;<\/p>\n<p>Apple CarPlay-Aktivierung \/ BMW Apple CarPlay-Aktivierung \/<br \/>\nLebensdauer + Vollbild (nur m\u00f6glich ab 2016 professionelle Navigation Nbt evo id5 \/ id6) Bmw-Mini<\/p>\n<p>-VIM<br \/>\n-Android-Bildschirmspiegelung<br \/>\n-Bmw-Apps<br \/>\n-Rundenzeitmesser<br \/>\nLebenslange Aktualisierung der FSC-Navigationskarte<br \/>\n-Id5 bis id6 Anpassung des Navigationsmen\u00fcs<\/p>\n<p><strong>Wifi-Antenneninstallation auch m\u00f6glich, wenn nicht vorhanden<\/strong><\/p>\n<p>e60, e61, e63, e64, e70, e71, e81, e82, e84, e87, e88, e89, e90, e91, e93, f01, f02, f03, f04, f06, f07, f10, f11, f12, f15, f16, f18, f20, f21, f22, f23, f25, f26, f30, f31, f32, f33, f34, f35, f36, f45, f46, f55, f56, f80, f82, f83, f85, f86, f87, g11,g12, g30, g31, g32, mini.<\/p>\n<p>Die Usb-Aktivierung ist f\u00fcr Firmwares verf\u00fcgbar, die mit einem dieser Buchstaben beginnen. NBTevo_H, I, J, K, L, M, N, O,<\/p>\n<p>Usb-Aktivierung ist <strong>NICHT<\/strong> verf\u00fcgbar f\u00fcr Firmwares, die mit einem dieser Buchstaben beginnen. NBTevo_P, Q, R, S, U, V, W,<br \/>\n(Nur m\u00f6glich mit enet Kabel \u00fcber obd)<\/p>\n<p>Schicken Sie uns zuerst eine Nachricht oder pr\u00fcfen Sie unsere anderen Artikel auf Angebote. Bestimmte Modelle ben\u00f6tigen m\u00f6glicherweise eine Wi-Fi-Antenne, um das Auto zu verbinden. 90 % der Modelle sind bereits ab Werk mit einer Wi-Fi-Antenne ausgestattet.<\/p>\n<p>Wir ben\u00f6tigen nur die letzten 7 Ziffern der Fahrgestellnummer (Vin) und eine Kartenversion, um die Datei zu erstellen.<\/p>\n<p>Lassen Sie den Anbieter wissen, wie Sie Kartenversionen finden k\u00f6nnen,<\/p>\n<p>Gehe zu<br \/>\n<strong>NAVIGATION<\/strong> + w\u00e4hlen Sie + <strong>KARTE<\/strong> + dr\u00fccken Sie die <strong>OPTION-Taste<\/strong>+ w\u00e4hlen Sie +<strong> NAVIGATIONS-EINSTELLUNGEN<\/strong> + bl\u00e4ttern Sie nach unten zu <strong>STANDORT und<\/strong> <strong>VERSION<\/strong> + w\u00e4hlen Sie <strong>VERSIONSINFORMATION<\/strong>,<\/p>\n<div><\/div>\n<div>Version mit geteiltem Bildschirm NBTevo_H, I, J, K, L, M,<\/div>\n<div><\/div>\n<div>\n<p>Vollbildversion NBTevo_N, O, P, Q, R, S, U, V, W<\/p>\n<\/div>\n<div><u>Wir reparieren auch andere Marken von Navigationsger\u00e4ten, CD- und DVD-Wechslern usw. von fast allen Automarken.<\/u><\/div>\n<p>[\/vc_column_text][\/vc_column_inner][\/vc_row_inner][vc_btn title=&#8220;Weitere&#8220; style=&#8220;3d&#8220; color=&#8220;primary&#8220; link=&#8220;url:%2Fde%2Freparatur-der-autonavigation%2F|title:Autonavigatie%20Reparatie|target:%20_blank|rel:nofollow&#8220;][\/vc_column][\/vc_row][vc_row full_width=&#8220;stretch_row&#8220; css=&#8220;.vc_custom_1612199972923{margin-top: 50px !important;margin-bottom: 50px !important;padding-top: 0px !important;padding-bottom: 0px !important;background-image: url(https:\/\/www.elektrofix.nl\/wp-content\/uploads\/pexels-ingo-joseph-13781-1.png?id=250) !important;background-position: center !important;background-repeat: no-repeat !important;background-size: cover !important;}&#8220; el_class=&#8220;cta-box&#8220;][vc_column css=&#8220;.vc_custom_1612180223540{padding-top: 0px !important;padding-bottom: 0px !important;}&#8220;][vc_row_inner equal_height=&#8220;yes&#8220; content_placement=&#8220;middle&#8220; css=&#8220;.vc_custom_1612260140510{padding-top: 0px !important;padding-bottom: 0px !important;}&#8220;][vc_column_inner el_class=&#8220;cta-gradient-box&#8220; width=&#8220;1\/2&#8243; css=&#8220;.vc_custom_1612200066371{padding-top: 65px !important;padding-bottom: 35px !important;}&#8220;][vc_column_text]<\/p>\n<h2>Neugierig auf<br \/>\ndie M\u00f6glichkeiten?<\/h2>\n<p>[\/vc_column_text][vc_btn title=&#8220;Angebot anfordern&#8220; style=&#8220;custom&#8220; custom_text=&#8220;#666666&#8243; el_class=&#8220;white-btn&#8220; link=&#8220;url:%2Fde%2Fkontakt%2F|title:Contact|target:%20_blank|rel:nofollow&#8220;][\/vc_column_inner][vc_column_inner width=&#8220;1\/2&#8243; css=&#8220;.vc_custom_1612180248955{padding-top: 0px !important;padding-bottom: 0px !important;}&#8220;][\/vc_column_inner][\/vc_row_inner][\/vc_column][\/vc_row][vc_row][vc_column][vc_column_text][trustindex no-registration=&#8220;google&#8220;][\/vc_column_text][\/vc_column][\/vc_row]<\/p>\n","protected":false},"excerpt":{"rendered":"<p>[vc_row full_width=&#8220;stretch_row&#8220; css=&#8220;.vc_custom_1612202182063{padding-top: 30px !important;padding-bottom: 15px !important;}&#8220;][vc_column css=&#8220;.vc_custom_1612180223540{padding-top: 0px !important;padding-bottom: 0px !important;}&#8220;][vc_column_text] Brauchen Sie Apple CarPlay? Wir installieren f\u00fcr Ihr BMW Fahrzeug. 4 Juni &#8217;21,<a class=\"moretag\" href=\"https:\/\/www.elektrofix.nl\/de\/bmw-de\/bmw-apple-carplay-aktivierung\/\">&#8230;<\/a><\/p>\n","protected":false},"author":3,"featured_media":0,"comment_status":"closed","ping_status":"closed","sticky":false,"template":"","format":"standard","meta":{"footnotes":""},"categories":[168],"tags":[243,244,300,306,170,308,303],"class_list":["post-7674","post","type-post","status-publish","format-standard","hentry","category-bmw-de","tag-aktivieren-de","tag-aktivierung-de","tag-apple-carplay-de","tag-applecarplay-de","tag-bmw-de","tag-bmw-apple-carplay-de","tag-carplay-de"],"_links":{"self":[{"href":"https:\/\/www.elektrofix.nl\/de\/wp-json\/wp\/v2\/posts\/7674","targetHints":{"allow":["GET"]}}],"collection":[{"href":"https:\/\/www.elektrofix.nl\/de\/wp-json\/wp\/v2\/posts"}],"about":[{"href":"https:\/\/www.elektrofix.nl\/de\/wp-json\/wp\/v2\/types\/post"}],"author":[{"embeddable":true,"href":"https:\/\/www.elektrofix.nl\/de\/wp-json\/wp\/v2\/users\/3"}],"replies":[{"embeddable":true,"href":"https:\/\/www.elektrofix.nl\/de\/wp-json\/wp\/v2\/comments?post=7674"}],"version-history":[{"count":1,"href":"https:\/\/www.elektrofix.nl\/de\/wp-json\/wp\/v2\/posts\/7674\/revisions"}],"predecessor-version":[{"id":8264,"href":"https:\/\/www.elektrofix.nl\/de\/wp-json\/wp\/v2\/posts\/7674\/revisions\/8264"}],"wp:attachment":[{"href":"https:\/\/www.elektrofix.nl\/de\/wp-json\/wp\/v2\/media?parent=7674"}],"wp:term":[{"taxonomy":"category","embeddable":true,"href":"https:\/\/www.elektrofix.nl\/de\/wp-json\/wp\/v2\/categories?post=7674"},{"taxonomy":"post_tag","embeddable":true,"href":"https:\/\/www.elektrofix.nl\/de\/wp-json\/wp\/v2\/tags?post=7674"}],"curies":[{"name":"wp","href":"https:\/\/api.w.org\/{rel}","templated":true}]}}