{"id":7658,"date":"2024-02-19T10:18:33","date_gmt":"2024-02-19T09:18:33","guid":{"rendered":"https:\/\/www.elektrofix.nl\/unkategorisiert\/bmw-mgu-navigationsreparatur-und-bmw-g-serie-navigationsloesungen\/"},"modified":"2024-03-20T10:39:33","modified_gmt":"2024-03-20T09:39:33","slug":"bmw-mgu-navigationsreparatur-und-bmw-g-serie-navigationsloesungen","status":"publish","type":"post","link":"https:\/\/www.elektrofix.nl\/de\/bmw-de\/bmw-mgu-navigationsreparatur-und-bmw-g-serie-navigationsloesungen\/","title":{"rendered":"BMW MGU Navigationsreparatur und BMW G-Serie Navigationsl\u00f6sungen"},"content":{"rendered":"<p>[vc_row full_width=&#8220;stretch_row&#8220; css=&#8220;.vc_custom_1612202182063{padding-top: 30px !important;padding-bottom: 15px !important;}&#8220;][vc_column css=&#8220;.vc_custom_1612180223540{padding-top: 0px !important;padding-bottom: 0px !important;}&#8220;][vc_column_text]<\/p>\n<h2>BMW MGU iD7 iD8 HW18 HW21 Navigationsreparaturen f\u00fcr G-Serie mit CP Virgin Reset<\/h2>\n<p>Die gemeinsame Herausforderung des Komponentenschutzes in Fahrzeugen der BMW G-Reihe. Besuchen Sie Elektrofix f\u00fcr die Reparatur der BMW MGU Navigation.<\/p>\n<p>Haben Sie Probleme nach dem Austausch Ihres MGU-Steuerger\u00e4ts in Ihrem BMW G-Serie Fahrzeug? Die Durchf\u00fchrung des &#8222;Komponentenschutzes&#8220; kann eine frustrierende Herausforderung sein. Wir von Elektrofix bieten Detaill\u00f6sungen f\u00fcr verschiedene BMW-Modelle der G-Reihe an.<\/p>\n<p>Kompatible BMW Modelle abgedeckt:<\/p>\n<ul>\n<li>1er-Serie F40<\/li>\n<li>2er-Serie Active Tourer F44, F45, F46<\/li>\n<li>2er-Serie Coupe G42<\/li>\n<li>3er-Reihe G20, G21, G28, G80<\/li>\n<li>4 Baureihen G22, G23, G26, G82, G83<\/li>\n<li>5er-Reihe G30, G31, F90 &#8211; ab 06\/2019<\/li>\n<li>6er-Reihe G32 &#8211; ab 06\/2019<\/li>\n<li>7er-Serie G11, G12 &#8211; 02\/2019 (LCI)<\/li>\n<li>8 Baureihen G14, G15, G16, F91, F92, F93<\/li>\n<li>X3 G01 &#8211; 07\/2019<\/li>\n<li>X3 M F97 &#8211; 04\/2020<\/li>\n<li>IX3 G08 &#8211; 09\/2019<\/li>\n<li>X5 G05, F95<\/li>\n<li>X6 G06, F96<\/li>\n<li>X7 G07<\/li>\n<li>Z4 G29<\/li>\n<\/ul>\n<p>[\/vc_column_text][vc_btn title=&#8220;Angebot anfordern&#8220; style=&#8220;custom&#8220; custom_text=&#8220;#666666&#8243; el_class=&#8220;white-btn&#8220; link=&#8220;url:%2Fde%2Fkontakt%2F|title:Contact|target:%20_blank|rel:nofollow&#8220;][\/vc_column][\/vc_row][vc_row][vc_column][vc_gallery type=&#8220;flexslider_slide&#8220; interval=&#8220;5&#8243; images=&#8220;6889,6887,6886,6885,6890,6888&#8243; img_size=&#8220;full&#8220; onclick=&#8220;&#8220;][\/vc_column][\/vc_row][vc_row full_width=&#8220;stretch_row&#8220; css=&#8220;.vc_custom_1612202018327{padding-top: 50px !important;padding-bottom: 15px !important;}&#8220;][vc_column css=&#8220;.vc_custom_1612180223540{padding-top: 0px !important;padding-bottom: 0px !important;}&#8220;][vc_column_text]<\/p>\n<h2>Unsere spezialisierten L\u00f6sungen decken eine Reihe von MGU-Problemen ab:<\/h2>\n<p>Leiden Sie unter einem der folgenden Probleme? Elektrofix kann helfen. Sie brauchen das Auto nicht vorbeizubringen. Bei Elektrofix ist es auch m\u00f6glich, das Ger\u00e4t per Post zur Reparatur einzusenden. Sie tun dies mit unserem <strong><a style=\"color: #1f71b8;\" title=\"Reparatur Formular\" href=\"https:\/\/www.elektrofix.nl\/wp-content\/uploads\/Elektrofix-reparatieformulier-interactief-de.pdf\" target=\"_blank\" rel=\"noopener\">Reparaturformular<\/a>.<\/strong><\/p>\n<ol>\n<li><strong>St\u00e4ndige Bootschleife beim Start:<\/strong> L\u00f6sen Sie das frustrierende Problem, dass Ihr Ger\u00e4t st\u00e4ndig neu startet.<\/li>\n<li><strong>Komplettausfall ohne Anzeige:<\/strong> Vertrauen Sie auf unser Know-how, um komplette Systemausf\u00e4lle ohne sichtbare Anzeige zu beheben.<\/li>\n<li><strong>Effiziente Entfernung des Bauteilschutzes:<\/strong> Wir sind auf die sichere Entfernung des Bauteilschutzes spezialisiert, um eine nahtlose Funktionalit\u00e4t zu gew\u00e4hrleisten.<\/li>\n<li><strong>Sporadische Neustarts w\u00e4hrend der Fahrt:<\/strong> Verlassen Sie sich auf uns, wenn es darum geht, sporadische Neustarts zu diagnostizieren und zu beheben, um ein reibungsloses Fahrerlebnis zu gew\u00e4hrleisten.<\/li>\n<li><strong>Bluetooth- oder WiFi-Konnektivit\u00e4tsprobleme:<\/strong> Wir beheben Konnektivit\u00e4tsprobleme und sorgen daf\u00fcr, dass Ihre Ger\u00e4te nahtlos verbunden sind.<\/li>\n<li><strong>Apple CarPlay-Aktivierung:<\/strong> Sch\u00f6pfen Sie das volle Potenzial des Entertainment-Systems Ihres BMW mit unseren Apple CarPlay-Aktivierungsservices aus.<\/li>\n<li><strong>Import von FSC-Codes und Entfernung alter FSC-Codes:<\/strong> Wir bieten pr\u00e4zise L\u00f6sungen f\u00fcr den Import von FSC-Codes und die Entfernung veralteter Codes.<\/li>\n<li><strong>ECU-Validierungsdienste:<\/strong> bieten eine Validierung Ihres Steuerger\u00e4ts f\u00fcr optimale Leistung.<\/li>\n<li><strong>Navigations-Update 2023.4 (lebenslang):<\/strong> Bleiben Sie auf dem neuesten Stand mit unseren Navigations-Update-Services, die Ihnen ein Leben lang Komfort bieten.<\/li>\n<li><strong>Unterst\u00fctzung per E-Mail anfordern:<\/strong> Sollten Sie weitere Fehler oder Probleme feststellen, kontaktieren Sie uns bitte per E-Mail.<\/li>\n<\/ol>\n<p>Wenn Sie eines der oben genannten Probleme mit Ihrem MGU-Hauptger\u00e4t feststellen, ist es wichtig, es so schnell wie m\u00f6glich reparieren zu lassen. So k\u00f6nnen Sie weitere Probleme vermeiden und sicherstellen, dass Ihr Fahrerlebnis nicht beeintr\u00e4chtigt wird. Elektrofix hilft Ihnen mit zuverl\u00e4ssigen und effizienten Reparaturen, damit Ihr MGU wieder optimal funktioniert.<\/p>\n<p>Wir reparieren auch andere Marken von Navigationsger\u00e4ten, CD- und DVD-Wechslern usw. Von fast allen Automarken.<\/p>\n<div id=\"gtx-trans\" style=\"position: absolute; left: 483px; top: 909.812px;\">\n<div class=\"gtx-trans-icon\"><\/div>\n<\/div>\n<p>[\/vc_column_text][vc_btn title=&#8220;Weitere Informationen zur Reparatur von Autonavigationssystemen&#8220; style=&#8220;3d&#8220; color=&#8220;primary&#8220; link=&#8220;url:%2Fde%2Freparatur-der-autonavigation%2F|title:Autonavigatie%20Reparatie|target:%20_blank|rel:nofollow&#8220;][vc_column_text]<\/p>\n<h2>BMW MGU Navigation zur Reparatur einschicken<\/h2>\n<p title=\"Bmw apple carplay aktivieren evo id5 id6 navigation\">Sie m\u00f6chten wissen, wie Sie Ihr BMW MGU Navigationssystem zur Reparatur einreichen k\u00f6nnen? Im Folgenden erl\u00e4utern wir dies:<\/p>\n<p class=\"title\" title=\"Bmw apple carplay aktivieren evo id5 id6 navigation\">1. Sie senden uns Ihr Ger\u00e4t mit dem ausgef\u00fcllten <strong><br \/>\n<a style=\"color: #1f71b8;\" title=\"Reparatur Formular\" href=\"https:\/\/www.elektrofix.nl\/wp-content\/uploads\/Elektrofix-reparatieformulier-interactief-de.pdf\" target=\"_blank\" rel=\"noopener\">Reparaturformular<\/a><br \/>\n<\/strong>. Vergessen Sie nicht, Ihren Namen, Ihre Adresse und Ihre Telefonnummer anzugeben und Ihre Sendung gut zu verpacken, damit die Waren nicht besch\u00e4digt werden.<br \/>\n2. Wir reparieren Ihr Ger\u00e4t, wenn m\u00f6glich. Haben Sie bereits einen Termin f\u00fcr eine Reparatur vor Ort vereinbart? Dies dauert dann in der Regel 2 Stunden. Ohne einen Termin dauert es 1-2 Tage, bis Ihr Ger\u00e4t repariert werden kann.<br \/>\n3. Das Ger\u00e4t wird an Sie zur\u00fcckgeschickt. Diese Sendung ist versichert und Sie erhalten einen Track-and-Trace-Code f\u00fcr diese Sendung.<br \/>\n4. Die Zahlung erfolgt nach der Reparatur per Bank\u00fcberweisung.<br \/>\n5. Wir schicken das Paket in der gleichen Verpackung zur\u00fcck, in der es angekommen ist.<\/p>\n<div id=\"gtx-trans\" style=\"position: absolute; left: 266px; top: 133.812px;\">\n<div class=\"gtx-trans-icon\"><\/div>\n<\/div>\n<p>[\/vc_column_text][vc_column_text]<\/p>\n<h3 title=\"Bmw apple carplay aktivieren evo id5 id6 navigation\">Reparatur-Garantie<\/h3>\n<p>Wir bieten standardm\u00e4\u00dfig eine 1-Jahres-Garantie auf alle unsere Reparaturen.<\/p>\n<p>&nbsp;<\/p>\n<p>BMW MGU-Reparatur, Probleme mit der G-Serie Navigation, Entfernen des Komponentenschutzes, BMW G-Serie Modelle, Apple CarPlay Aktivierung, lebenslange Navigations-Updates[\/vc_column_text][\/vc_column][\/vc_row][vc_row full_width=&#8220;stretch_row&#8220; css=&#8220;.vc_custom_1612199972923{margin-top: 50px !important;margin-bottom: 50px !important;padding-top: 0px !important;padding-bottom: 0px !important;background-image: url(https:\/\/www.elektrofix.nl\/wp-content\/uploads\/pexels-ingo-joseph-13781-1.png?id=250) !important;background-position: center !important;background-repeat: no-repeat !important;background-size: cover !important;}&#8220; el_class=&#8220;cta-box&#8220;][vc_column css=&#8220;.vc_custom_1612180223540{padding-top: 0px !important;padding-bottom: 0px !important;}&#8220;][vc_row_inner equal_height=&#8220;yes&#8220; content_placement=&#8220;middle&#8220; css=&#8220;.vc_custom_1612260140510{padding-top: 0px !important;padding-bottom: 0px !important;}&#8220;][vc_column_inner el_class=&#8220;cta-gradient-box&#8220; width=&#8220;1\/2&#8243; css=&#8220;.vc_custom_1612200066371{padding-top: 65px !important;padding-bottom: 35px !important;}&#8220;][vc_column_text]<\/p>\n<h2>Sie m\u00f6chten den Preis f\u00fcr eine Reparatur im Voraus wissen? Angebot einholen:<\/h2>\n<p>[\/vc_column_text][vc_btn title=&#8220;Angebot anfordern&#8220; style=&#8220;custom&#8220; custom_text=&#8220;#666666&#8243; el_class=&#8220;white-btn&#8220; link=&#8220;url:%2Fde%2Fkontakt%2F|title:Contact|target:%20_blank|rel:nofollow&#8220;][\/vc_column_inner][vc_column_inner width=&#8220;1\/2&#8243; css=&#8220;.vc_custom_1612180248955{padding-top: 0px !important;padding-bottom: 0px !important;}&#8220;][\/vc_column_inner][\/vc_row_inner][\/vc_column][\/vc_row][vc_row][vc_column][vc_column_text]<div class=\"wp-gr rpi wpac\" data-id=\"6812\" data-layout=\"slider\" data-exec=\"false\" data-options='{&quot;text_size&quot;:&quot;&quot;,&quot;trans&quot;:{&quot;read more&quot;:&quot;weiterlesen&quot;}}'><svg xmlns=\"http:\/\/www.w3.org\/2000\/svg\" style=\"display:none!important\"><symbol id=\"grw-tripadvisor\" viewBox=\"0 0 713.496 713.496\"><g><circle fill=\"#34E0A1\" cx=\"356.749\" cy=\"356.748\" r=\"356.748\"\/><path d=\"M577.095,287.152l43.049-46.836h-95.465c-47.792-32.646-105.51-51.659-167.931-51.659   c-62.342,0-119.899,19.054-167.612,51.659H93.432l43.049,46.836c-26.387,24.075-42.929,58.754-42.929,97.259   c0,72.665,58.914,131.578,131.579,131.578c34.519,0,65.968-13.313,89.446-35.077l42.172,45.919l42.172-45.879   c23.478,21.764,54.887,35.037,89.406,35.037c72.665,0,131.658-58.913,131.658-131.578   C620.024,345.866,603.483,311.188,577.095,287.152z M225.17,473.458c-49.188,0-89.047-39.859-89.047-89.047   s39.86-89.048,89.047-89.048c49.187,0,89.047,39.86,89.047,89.048S274.357,473.458,225.17,473.458z M356.788,381.82   c0-58.595-42.61-108.898-98.853-130.383c30.413-12.716,63.776-19.771,98.813-19.771s68.439,7.055,98.853,19.771   C399.399,272.962,356.788,323.226,356.788,381.82z M488.367,473.458c-49.188,0-89.048-39.859-89.048-89.047   s39.86-89.048,89.048-89.048s89.047,39.86,89.047,89.048S537.554,473.458,488.367,473.458z M488.367,337.694   c-25.79,0-46.677,20.887-46.677,46.677c0,25.789,20.887,46.676,46.677,46.676c25.789,0,46.676-20.887,46.676-46.676   C535.042,358.621,514.156,337.694,488.367,337.694z M271.846,384.411c0,25.789-20.887,46.676-46.676,46.676   s-46.676-20.887-46.676-46.676c0-25.79,20.887-46.677,46.676-46.677C250.959,337.694,271.846,358.621,271.846,384.411z\"\/><\/g><\/symbol><symbol id=\"grw-google\" viewBox=\"0 0 512 512\"><g fill=\"none\" fill-rule=\"evenodd\"><path d=\"M482.56 261.36c0-16.73-1.5-32.83-4.29-48.27H256v91.29h127.01c-5.47 29.5-22.1 54.49-47.09 71.23v59.21h76.27c44.63-41.09 70.37-101.59 70.37-173.46z\" fill=\"#4285f4\"\/><path d=\"M256 492c63.72 0 117.14-21.13 156.19-57.18l-76.27-59.21c-21.13 14.16-48.17 22.53-79.92 22.53-61.47 0-113.49-41.51-132.05-97.3H45.1v61.15c38.83 77.13 118.64 130.01 210.9 130.01z\" fill=\"#34a853\"\/><path d=\"M123.95 300.84c-4.72-14.16-7.4-29.29-7.4-44.84s2.68-30.68 7.4-44.84V150.01H45.1C29.12 181.87 20 217.92 20 256c0 38.08 9.12 74.13 25.1 105.99l78.85-61.15z\" fill=\"#fbbc05\"\/><path d=\"M256 113.86c34.65 0 65.76 11.91 90.22 35.29l67.69-67.69C373.03 43.39 319.61 20 256 20c-92.25 0-172.07 52.89-210.9 130.01l78.85 61.15c18.56-55.78 70.59-97.3 132.05-97.3z\" fill=\"#ea4335\"\/><path d=\"M20 20h472v472H20V20z\"\/><\/g><\/symbol><\/svg><div class=\"grw-row grw-row-m\" data-options='{\"speed\":3,\"autoplay\":true,\"mousestop\":true,\"breakpoints\":\"\"}'><div class=\"grw-header\"><div class=\"grw-header-inner rpi-flx rpi-row12\"><div class=\"grw-img-wrap\"><img decoding=\"async\" class=\"grw-img\" src=\"https:\/\/lh3.googleusercontent.com\/places\/ANXAkqGWBzdMtxnI_sc1CEbofw0NN26fE4IFMKKNAPHRWdI2a7LRVJ-QI7sKRxjdMseys7kqoXXROEYlISWZrEtpHpeY9wm3srLYKfI=s1600-w300-h300\" loading=\"lazy\" alt=\"Elektrofix place picture\" width=\"50\" height=\"50\" onerror=\"if(this.src!='data:image\/gif;base64,R0lGODlhAQABAIAAAAAAAP\/\/\/yH5BAEAAAAALAAAAAABAAEAAAIBRAA7')this.src='data:image\/gif;base64,R0lGODlhAQABAIAAAAAAAP\/\/\/yH5BAEAAAAALAAAAAABAAEAAAIBRAA7';\" ><\/div><div class=\"rpi-flx rpi-col8\"><div class=\"wp-google-name\"><a href=\"https:\/\/maps.google.com\/?cid=7989020141429157155\" target=\"_blank\" rel=\"nofollow noopener\">Elektrofix<\/a><\/div><span class=\"rpi-stars\" style=\"--rating:4.7\">4.7<\/span><div class=\"wp-google-based\">Basierend auf 130 Bewertungen<\/div><div class=\"wp-google-powered\">powered by <span><span style=\"color:#3c6df0!important\">G<\/span><span style=\"color:#d93025!important\">o<\/span><span style=\"color:#fb8e28!important\">o<\/span><span style=\"color:#3c6df0!important\">g<\/span><span style=\"color:#188038!important\">l<\/span><span style=\"color:#d93025!important\">e<\/span><\/span><\/div><div class=\"wp-google-wr\"><a href=\"https:\/\/search.google.com\/local\/writereview?placeid=ChIJ589fdSukx0cRI21TsX2z3m4\" target=\"_blank\" rel=\"nofollow noopener\" onclick=\"return rplg_leave_review_window.call(this)\">bewerte uns auf<svg height=\"16\" width=\"16\" role=\"none\"><use href=\"#grw-google\"><\/use><\/svg><\/a><\/div><\/div><\/div><\/div><div class=\"rpi-slides-root grw-content\"><div class=\"grw-content-inner\"><button class=\"rpi-ltgt rpi-lt grw-prev\" tabindex=\"0\"><\/button><div class=\"rpi-slides grw-reviews rpi-slides-bite\" data-count=\"17\" data-offset=\"17\"><div class=\"rpi-slide grw-review\"><div class=\"rpi-flx rpi-col12 grw-review-inner grw-backgnd\"><div class=\"rpi-flx rpi-row12-center\"><div class=\"grw-img-wrap\"><img decoding=\"async\" class=\"grw-img lazyload\" alt=\"Rudy Van profile picture\" width=\"50\" height=\"50\" onerror=\"if(this.src!='https:\/\/www.elektrofix.nl\/wp-content\/plugins\/widget-google-reviews\/assets\/img\/guest.png')this.data-src='https:\/\/www.elektrofix.nl\/wp-content\/plugins\/widget-google-reviews\/assets\/img\/guest.png';\"  src=\"data:image\/svg+xml;base64,PHN2ZyB3aWR0aD0iMSIgaGVpZ2h0PSIxIiB4bWxucz0iaHR0cDovL3d3dy53My5vcmcvMjAwMC9zdmciPjwvc3ZnPg==\" style=\"--smush-placeholder-width: 50px; --smush-placeholder-aspect-ratio: 50\/50;\"><\/div><div class=\"rpi-flx rpi-col6\"><a href=\"https:\/\/www.google.com\/maps\/contrib\/110108223141333208566\/reviews\" class=\"wp-google-name\" target=\"_blank\" rel=\"nofollow noopener\">Rudy Van<\/a><div class=\"wp-google-time\" data-time=\"1746868249\">09:10 10 May 25<\/div><\/div><\/div><span class=\"rpi-stars\" style=\"--rating:5\"><\/span><div class=\"rpi-flx rpi-col4\"><div class=\"wp-google-feedback grw-scroll\" ><span class=\"wp-google-text\">Zeer professioneel, zeer snel, uitstekend<br \/>Om zonder aarzeling aan te bevelen<\/span><\/div><\/div><svg height=\"16\" width=\"16\" role=\"none\"><use href=\"#grw-google\"\/><\/svg><\/div><\/div><div class=\"rpi-slide grw-review\"><div class=\"rpi-flx rpi-col12 grw-review-inner grw-backgnd\"><div class=\"rpi-flx rpi-row12-center\"><div class=\"grw-img-wrap\"><img decoding=\"async\" class=\"grw-img lazyload\" alt=\"Marion Dommering-Coolen profile picture\" width=\"50\" height=\"50\" onerror=\"if(this.src!='https:\/\/www.elektrofix.nl\/wp-content\/plugins\/widget-google-reviews\/assets\/img\/guest.png')this.data-src='https:\/\/www.elektrofix.nl\/wp-content\/plugins\/widget-google-reviews\/assets\/img\/guest.png';\"  src=\"data:image\/svg+xml;base64,PHN2ZyB3aWR0aD0iMSIgaGVpZ2h0PSIxIiB4bWxucz0iaHR0cDovL3d3dy53My5vcmcvMjAwMC9zdmciPjwvc3ZnPg==\" style=\"--smush-placeholder-width: 50px; --smush-placeholder-aspect-ratio: 50\/50;\"><\/div><div class=\"rpi-flx rpi-col6\"><a href=\"https:\/\/www.google.com\/maps\/contrib\/114495397114134478377\/reviews\" class=\"wp-google-name\" target=\"_blank\" rel=\"nofollow noopener\">Marion Dommering-Coolen<\/a><div class=\"wp-google-time\" data-time=\"1745586698\">13:11 25 Apr 25<\/div><\/div><\/div><span class=\"rpi-stars\" style=\"--rating:5\"><\/span><div class=\"rpi-flx rpi-col4\"><div class=\"wp-google-feedback grw-scroll\" ><\/div><\/div><svg height=\"16\" width=\"16\" role=\"none\"><use href=\"#grw-google\"\/><\/svg><\/div><\/div><div class=\"rpi-slide grw-review\"><div class=\"rpi-flx rpi-col12 grw-review-inner grw-backgnd\"><div class=\"rpi-flx rpi-row12-center\"><div class=\"grw-img-wrap\"><img decoding=\"async\" class=\"grw-img lazyload\" alt=\"Maarten Wienbelt profile picture\" width=\"50\" height=\"50\" onerror=\"if(this.src!='https:\/\/www.elektrofix.nl\/wp-content\/plugins\/widget-google-reviews\/assets\/img\/guest.png')this.data-src='https:\/\/www.elektrofix.nl\/wp-content\/plugins\/widget-google-reviews\/assets\/img\/guest.png';\"  src=\"data:image\/svg+xml;base64,PHN2ZyB3aWR0aD0iMSIgaGVpZ2h0PSIxIiB4bWxucz0iaHR0cDovL3d3dy53My5vcmcvMjAwMC9zdmciPjwvc3ZnPg==\" style=\"--smush-placeholder-width: 50px; --smush-placeholder-aspect-ratio: 50\/50;\"><\/div><div class=\"rpi-flx rpi-col6\"><a href=\"https:\/\/www.google.com\/maps\/contrib\/100663071632959250570\/reviews\" class=\"wp-google-name\" target=\"_blank\" rel=\"nofollow noopener\">Maarten Wienbelt<\/a><div class=\"wp-google-time\" data-time=\"1745520034\">18:40 24 Apr 25<\/div><\/div><\/div><span class=\"rpi-stars\" style=\"--rating:5\"><\/span><div class=\"rpi-flx rpi-col4\"><div class=\"wp-google-feedback grw-scroll\" ><span class=\"wp-google-text\">Uitstekend geholpen met een versterker probleem aan een Audi A5.<\/span><\/div><\/div><svg height=\"16\" width=\"16\" role=\"none\"><use href=\"#grw-google\"\/><\/svg><\/div><\/div><div class=\"rpi-slide grw-review\"><div class=\"rpi-flx rpi-col12 grw-review-inner grw-backgnd\"><div class=\"rpi-flx rpi-row12-center\"><div class=\"grw-img-wrap\"><img decoding=\"async\" class=\"grw-img lazyload\" alt=\"Victor Ewald profile picture\" width=\"50\" height=\"50\" onerror=\"if(this.src!='https:\/\/www.elektrofix.nl\/wp-content\/plugins\/widget-google-reviews\/assets\/img\/guest.png')this.data-src='https:\/\/www.elektrofix.nl\/wp-content\/plugins\/widget-google-reviews\/assets\/img\/guest.png';\"  src=\"data:image\/svg+xml;base64,PHN2ZyB3aWR0aD0iMSIgaGVpZ2h0PSIxIiB4bWxucz0iaHR0cDovL3d3dy53My5vcmcvMjAwMC9zdmciPjwvc3ZnPg==\" style=\"--smush-placeholder-width: 50px; --smush-placeholder-aspect-ratio: 50\/50;\"><\/div><div class=\"rpi-flx rpi-col6\"><a href=\"https:\/\/www.google.com\/maps\/contrib\/113319710012845564023\/reviews\" class=\"wp-google-name\" target=\"_blank\" rel=\"nofollow noopener\">Victor Ewald<\/a><div class=\"wp-google-time\" data-time=\"1744114455\">12:14 08 Apr 25<\/div><\/div><\/div><span class=\"rpi-stars\" style=\"--rating:5\"><\/span><div class=\"rpi-flx rpi-col4\"><div class=\"wp-google-feedback grw-scroll\" ><span class=\"wp-google-text\">Na een afspraak via de website en email kon ik snel terecht voor een aanpassing aan mijn BMW. Snel, transparant en vakkundig uitgevoerd onder het genot van een kopje koffie. Aanrader.<\/span><\/div><\/div><svg height=\"16\" width=\"16\" role=\"none\"><use href=\"#grw-google\"\/><\/svg><\/div><\/div><div class=\"rpi-slide grw-review\"><div class=\"rpi-flx rpi-col12 grw-review-inner grw-backgnd\"><div class=\"rpi-flx rpi-row12-center\"><div class=\"grw-img-wrap\"><img decoding=\"async\" class=\"grw-img lazyload\" alt=\"Jacques Kleingeld profile picture\" width=\"50\" height=\"50\" onerror=\"if(this.src!='https:\/\/www.elektrofix.nl\/wp-content\/plugins\/widget-google-reviews\/assets\/img\/guest.png')this.data-src='https:\/\/www.elektrofix.nl\/wp-content\/plugins\/widget-google-reviews\/assets\/img\/guest.png';\"  src=\"data:image\/svg+xml;base64,PHN2ZyB3aWR0aD0iMSIgaGVpZ2h0PSIxIiB4bWxucz0iaHR0cDovL3d3dy53My5vcmcvMjAwMC9zdmciPjwvc3ZnPg==\" style=\"--smush-placeholder-width: 50px; --smush-placeholder-aspect-ratio: 50\/50;\"><\/div><div class=\"rpi-flx rpi-col6\"><a href=\"https:\/\/www.google.com\/maps\/contrib\/112265817531746585073\/reviews\" class=\"wp-google-name\" target=\"_blank\" rel=\"nofollow noopener\">Jacques Kleingeld<\/a><div class=\"wp-google-time\" data-time=\"1742634248\">09:04 22 Mar 25<\/div><\/div><\/div><span class=\"rpi-stars\" style=\"--rating:5\"><\/span><div class=\"rpi-flx rpi-col4\"><div class=\"wp-google-feedback grw-scroll\" ><span class=\"wp-google-text\">Het Sync-scherm van mijn C-max laten vervangen. Telefonisch informatie gevraagd en afspraak gemaakt. Keurig via de mail bevestigd. Eenmaal ter plaatse was het in een ruim half uur al voor elkaar. Prima! En dat voor een fractie van de prijs die een dealer aangaf ! Helemaal TOP !!!<\/span><\/div><\/div><svg height=\"16\" width=\"16\" role=\"none\"><use href=\"#grw-google\"\/><\/svg><\/div><\/div><div class=\"rpi-slide grw-review\"><div class=\"rpi-flx rpi-col12 grw-review-inner grw-backgnd\"><div class=\"rpi-flx rpi-row12-center\"><div class=\"grw-img-wrap\"><img decoding=\"async\" class=\"grw-img lazyload\" alt=\"Jaap Rook profile picture\" width=\"50\" height=\"50\" onerror=\"if(this.src!='https:\/\/www.elektrofix.nl\/wp-content\/plugins\/widget-google-reviews\/assets\/img\/guest.png')this.data-src='https:\/\/www.elektrofix.nl\/wp-content\/plugins\/widget-google-reviews\/assets\/img\/guest.png';\"  src=\"data:image\/svg+xml;base64,PHN2ZyB3aWR0aD0iMSIgaGVpZ2h0PSIxIiB4bWxucz0iaHR0cDovL3d3dy53My5vcmcvMjAwMC9zdmciPjwvc3ZnPg==\" style=\"--smush-placeholder-width: 50px; --smush-placeholder-aspect-ratio: 50\/50;\"><\/div><div class=\"rpi-flx rpi-col6\"><a href=\"https:\/\/www.google.com\/maps\/contrib\/111275061307405180607\/reviews\" class=\"wp-google-name\" target=\"_blank\" rel=\"nofollow noopener\">Jaap Rook<\/a><div class=\"wp-google-time\" data-time=\"1742197568\">07:46 17 Mar 25<\/div><\/div><\/div><span class=\"rpi-stars\" style=\"--rating:5\"><\/span><div class=\"rpi-flx rpi-col4\"><div class=\"wp-google-feedback grw-scroll\" ><span class=\"wp-google-text\">Goede ervaringen met deze zaak! Mijn navigatie is gerepareerd. Het touchscreen werkte niet meer. Is door Sinan gereviseerd met een jaar garantie voor een redelijke prijs. Hij is een vakman die het probleem wil oplossen.<\/span><\/div><\/div><svg height=\"16\" width=\"16\" role=\"none\"><use href=\"#grw-google\"\/><\/svg><\/div><\/div><div class=\"rpi-slide grw-review\"><div class=\"rpi-flx rpi-col12 grw-review-inner grw-backgnd\"><div class=\"rpi-flx rpi-row12-center\"><div class=\"grw-img-wrap\"><img decoding=\"async\" class=\"grw-img lazyload\" alt=\"Klaas Hilverda profile picture\" width=\"50\" height=\"50\" onerror=\"if(this.src!='https:\/\/www.elektrofix.nl\/wp-content\/plugins\/widget-google-reviews\/assets\/img\/guest.png')this.data-src='https:\/\/www.elektrofix.nl\/wp-content\/plugins\/widget-google-reviews\/assets\/img\/guest.png';\"  src=\"data:image\/svg+xml;base64,PHN2ZyB3aWR0aD0iMSIgaGVpZ2h0PSIxIiB4bWxucz0iaHR0cDovL3d3dy53My5vcmcvMjAwMC9zdmciPjwvc3ZnPg==\" style=\"--smush-placeholder-width: 50px; --smush-placeholder-aspect-ratio: 50\/50;\"><\/div><div class=\"rpi-flx rpi-col6\"><a href=\"https:\/\/www.google.com\/maps\/contrib\/107636047502827118075\/reviews\" class=\"wp-google-name\" target=\"_blank\" rel=\"nofollow noopener\">Klaas Hilverda<\/a><div class=\"wp-google-time\" data-time=\"1741880002\">15:33 13 Mar 25<\/div><\/div><\/div><span class=\"rpi-stars\" style=\"--rating:5\"><\/span><div class=\"rpi-flx rpi-col4\"><div class=\"wp-google-feedback grw-scroll\" ><span class=\"wp-google-text\">Keurige werkplaats en perfecte reparatie. Hele correcte en vriendelijke behandeling. Top! Echt een aanrader! Moest mijn CCC van mijn BMW 645 laten repareren. Super gedaan! Sinan is echt Top!<\/span><\/div><\/div><svg height=\"16\" width=\"16\" role=\"none\"><use href=\"#grw-google\"\/><\/svg><\/div><\/div><div class=\"rpi-slide grw-review\"><div class=\"rpi-flx rpi-col12 grw-review-inner grw-backgnd\"><div class=\"rpi-flx rpi-row12-center\"><div class=\"grw-img-wrap\"><img decoding=\"async\" class=\"grw-img lazyload\" alt=\"Joop Swinkels profile picture\" width=\"50\" height=\"50\" onerror=\"if(this.src!='https:\/\/www.elektrofix.nl\/wp-content\/plugins\/widget-google-reviews\/assets\/img\/guest.png')this.data-src='https:\/\/www.elektrofix.nl\/wp-content\/plugins\/widget-google-reviews\/assets\/img\/guest.png';\"  src=\"data:image\/svg+xml;base64,PHN2ZyB3aWR0aD0iMSIgaGVpZ2h0PSIxIiB4bWxucz0iaHR0cDovL3d3dy53My5vcmcvMjAwMC9zdmciPjwvc3ZnPg==\" style=\"--smush-placeholder-width: 50px; --smush-placeholder-aspect-ratio: 50\/50;\"><\/div><div class=\"rpi-flx rpi-col6\"><a href=\"https:\/\/www.google.com\/maps\/contrib\/106680184466792331685\/reviews\" class=\"wp-google-name\" target=\"_blank\" rel=\"nofollow noopener\">Joop Swinkels<\/a><div class=\"wp-google-time\" data-time=\"1741802945\">18:09 12 Mar 25<\/div><\/div><\/div><span class=\"rpi-stars\" style=\"--rating:5\"><\/span><div class=\"rpi-flx rpi-col4\"><div class=\"wp-google-feedback grw-scroll\" ><span class=\"wp-google-text\">Vriendelijke ontvangst met een kopje koffie. Het defecte scherm van mijn KIA Niro werd binnen een uur vervangen. Top!<\/span><\/div><\/div><svg height=\"16\" width=\"16\" role=\"none\"><use href=\"#grw-google\"\/><\/svg><\/div><\/div><div class=\"rpi-slide grw-review\"><div class=\"rpi-flx rpi-col12 grw-review-inner grw-backgnd\"><div class=\"rpi-flx rpi-row12-center\"><div class=\"grw-img-wrap\"><img decoding=\"async\" class=\"grw-img lazyload\" alt=\"Nicky Wentink profile picture\" width=\"50\" height=\"50\" onerror=\"if(this.src!='https:\/\/www.elektrofix.nl\/wp-content\/plugins\/widget-google-reviews\/assets\/img\/guest.png')this.data-src='https:\/\/www.elektrofix.nl\/wp-content\/plugins\/widget-google-reviews\/assets\/img\/guest.png';\"  src=\"data:image\/svg+xml;base64,PHN2ZyB3aWR0aD0iMSIgaGVpZ2h0PSIxIiB4bWxucz0iaHR0cDovL3d3dy53My5vcmcvMjAwMC9zdmciPjwvc3ZnPg==\" style=\"--smush-placeholder-width: 50px; --smush-placeholder-aspect-ratio: 50\/50;\"><\/div><div class=\"rpi-flx rpi-col6\"><a href=\"https:\/\/www.google.com\/maps\/contrib\/106144490329480194314\/reviews\" class=\"wp-google-name\" target=\"_blank\" rel=\"nofollow noopener\">Nicky Wentink<\/a><div class=\"wp-google-time\" data-time=\"1728028266\">07:51 04 Oct 24<\/div><\/div><\/div><span class=\"rpi-stars\" style=\"--rating:5\"><\/span><div class=\"rpi-flx rpi-col4\"><div class=\"wp-google-feedback grw-scroll\" ><span class=\"wp-google-text\">Hele goede service gehad gisteren, van te voren gebelt. Nummers doorgegeven.<br \/>Had alles al klaar, gewisseld en gecontroleerd binnen het halfuur!<br \/>Nette werkplaats , schoon alles voor elkaar. Zeker een aanrader! &#x1f44d;<\/span><\/div><\/div><svg height=\"16\" width=\"16\" role=\"none\"><use href=\"#grw-google\"\/><\/svg><\/div><\/div><div class=\"rpi-slide grw-review\"><div class=\"rpi-flx rpi-col12 grw-review-inner grw-backgnd\"><div class=\"rpi-flx rpi-row12-center\"><div class=\"grw-img-wrap\"><img decoding=\"async\" class=\"grw-img lazyload\" alt=\"Richard Mulder profile picture\" width=\"50\" height=\"50\" onerror=\"if(this.src!='https:\/\/www.elektrofix.nl\/wp-content\/plugins\/widget-google-reviews\/assets\/img\/guest.png')this.data-src='https:\/\/www.elektrofix.nl\/wp-content\/plugins\/widget-google-reviews\/assets\/img\/guest.png';\"  src=\"data:image\/svg+xml;base64,PHN2ZyB3aWR0aD0iMSIgaGVpZ2h0PSIxIiB4bWxucz0iaHR0cDovL3d3dy53My5vcmcvMjAwMC9zdmciPjwvc3ZnPg==\" style=\"--smush-placeholder-width: 50px; --smush-placeholder-aspect-ratio: 50\/50;\"><\/div><div class=\"rpi-flx rpi-col6\"><a href=\"https:\/\/www.google.com\/maps\/contrib\/104485868598166101031\/reviews\" class=\"wp-google-name\" target=\"_blank\" rel=\"nofollow noopener\">Richard Mulder<\/a><div class=\"wp-google-time\" data-time=\"1721906719\">11:25 25 Jul 24<\/div><\/div><\/div><span class=\"rpi-stars\" style=\"--rating:5\"><\/span><div class=\"rpi-flx rpi-col4\"><div class=\"wp-google-feedback grw-scroll\" ><span class=\"wp-google-text\">Problemen met cic professional radio. Startte steeds opnieuw op en bleef dan hangen op bmw scherm. Kon dezelfde dag nog terecht. Met 1,5 uur was alles geregeld.<\/span><\/div><\/div><svg height=\"16\" width=\"16\" role=\"none\"><use href=\"#grw-google\"\/><\/svg><\/div><\/div><div class=\"rpi-slide grw-review\"><div class=\"rpi-flx rpi-col12 grw-review-inner grw-backgnd\"><div class=\"rpi-flx rpi-row12-center\"><div class=\"grw-img-wrap\"><img decoding=\"async\" class=\"grw-img lazyload\" alt=\"MitchVorden profile picture\" width=\"50\" height=\"50\" onerror=\"if(this.src!='https:\/\/www.elektrofix.nl\/wp-content\/plugins\/widget-google-reviews\/assets\/img\/guest.png')this.data-src='https:\/\/www.elektrofix.nl\/wp-content\/plugins\/widget-google-reviews\/assets\/img\/guest.png';\"  src=\"data:image\/svg+xml;base64,PHN2ZyB3aWR0aD0iMSIgaGVpZ2h0PSIxIiB4bWxucz0iaHR0cDovL3d3dy53My5vcmcvMjAwMC9zdmciPjwvc3ZnPg==\" style=\"--smush-placeholder-width: 50px; --smush-placeholder-aspect-ratio: 50\/50;\"><\/div><div class=\"rpi-flx rpi-col6\"><a href=\"https:\/\/www.google.com\/maps\/contrib\/106988913892694984157\/reviews\" class=\"wp-google-name\" target=\"_blank\" rel=\"nofollow noopener\">MitchVorden<\/a><div class=\"wp-google-time\" data-time=\"1704985791\">15:09 11 Jan 24<\/div><\/div><\/div><span class=\"rpi-stars\" style=\"--rating:5\"><\/span><div class=\"rpi-flx rpi-col4\"><div class=\"wp-google-feedback grw-scroll\" ><span class=\"wp-google-text\">Contact gehad via de mail over reparatie van mijn E61 CCC navigatie (was helemaal \u201czwart\u201d, deed niets meer). Nette prijsopgave (incl uit\/inbouw) gehad, heen gegaan, netjes ontvangst gehad, bakkie koffie gedronken en voor ik het wist was ie klaar. Navigatie werkt weer zoals hij hoort te doen!<br \/><br \/>Ik zou hier weer heen gaan. Dank Sinan!<\/span><\/div><\/div><svg height=\"16\" width=\"16\" role=\"none\"><use href=\"#grw-google\"\/><\/svg><\/div><\/div><div class=\"rpi-slide grw-review\"><div class=\"rpi-flx rpi-col12 grw-review-inner grw-backgnd\"><div class=\"rpi-flx rpi-row12-center\"><div class=\"grw-img-wrap\"><img decoding=\"async\" class=\"grw-img lazyload\" alt=\"Astrid Fitsch-Bosman profile picture\" width=\"50\" height=\"50\" onerror=\"if(this.src!='https:\/\/www.elektrofix.nl\/wp-content\/plugins\/widget-google-reviews\/assets\/img\/guest.png')this.data-src='https:\/\/www.elektrofix.nl\/wp-content\/plugins\/widget-google-reviews\/assets\/img\/guest.png';\"  src=\"data:image\/svg+xml;base64,PHN2ZyB3aWR0aD0iMSIgaGVpZ2h0PSIxIiB4bWxucz0iaHR0cDovL3d3dy53My5vcmcvMjAwMC9zdmciPjwvc3ZnPg==\" style=\"--smush-placeholder-width: 50px; --smush-placeholder-aspect-ratio: 50\/50;\"><\/div><div class=\"rpi-flx rpi-col6\"><a href=\"https:\/\/www.google.com\/maps\/contrib\/108045068780462165419\/reviews\" class=\"wp-google-name\" target=\"_blank\" rel=\"nofollow noopener\">Astrid Fitsch-Bosman<\/a><div class=\"wp-google-time\" data-time=\"1704212704\">16:25 02 Jan 24<\/div><\/div><\/div><span class=\"rpi-stars\" style=\"--rating:5\"><\/span><div class=\"rpi-flx rpi-col4\"><div class=\"wp-google-feedback grw-scroll\" ><\/div><\/div><svg height=\"16\" width=\"16\" role=\"none\"><use href=\"#grw-google\"\/><\/svg><\/div><\/div><div class=\"rpi-slide grw-review\"><div class=\"rpi-flx rpi-col12 grw-review-inner grw-backgnd\"><div class=\"rpi-flx rpi-row12-center\"><div class=\"grw-img-wrap\"><img decoding=\"async\" class=\"grw-img lazyload\" alt=\"Robert Stutje profile picture\" width=\"50\" height=\"50\" onerror=\"if(this.src!='https:\/\/www.elektrofix.nl\/wp-content\/plugins\/widget-google-reviews\/assets\/img\/guest.png')this.data-src='https:\/\/www.elektrofix.nl\/wp-content\/plugins\/widget-google-reviews\/assets\/img\/guest.png';\"  src=\"data:image\/svg+xml;base64,PHN2ZyB3aWR0aD0iMSIgaGVpZ2h0PSIxIiB4bWxucz0iaHR0cDovL3d3dy53My5vcmcvMjAwMC9zdmciPjwvc3ZnPg==\" style=\"--smush-placeholder-width: 50px; --smush-placeholder-aspect-ratio: 50\/50;\"><\/div><div class=\"rpi-flx rpi-col6\"><a href=\"https:\/\/www.google.com\/maps\/contrib\/107596965000003872425\/reviews\" class=\"wp-google-name\" target=\"_blank\" rel=\"nofollow noopener\">Robert Stutje<\/a><div class=\"wp-google-time\" data-time=\"1700467218\">08:00 20 Nov 23<\/div><\/div><\/div><span class=\"rpi-stars\" style=\"--rating:5\"><\/span><div class=\"rpi-flx rpi-col4\"><div class=\"wp-google-feedback grw-scroll\" ><span class=\"wp-google-text\">CCC navigatie van mijn BMW 5 serie was defect. Snel en vakkundig gerepareerd tegen een prima prijs.<\/span><\/div><\/div><svg height=\"16\" width=\"16\" role=\"none\"><use href=\"#grw-google\"\/><\/svg><\/div><\/div><div class=\"rpi-slide grw-review\"><div class=\"rpi-flx rpi-col12 grw-review-inner grw-backgnd\"><div class=\"rpi-flx rpi-row12-center\"><div class=\"grw-img-wrap\"><img decoding=\"async\" class=\"grw-img lazyload\" alt=\"joep de weijer profile picture\" width=\"50\" height=\"50\" onerror=\"if(this.src!='https:\/\/www.elektrofix.nl\/wp-content\/plugins\/widget-google-reviews\/assets\/img\/guest.png')this.data-src='https:\/\/www.elektrofix.nl\/wp-content\/plugins\/widget-google-reviews\/assets\/img\/guest.png';\"  src=\"data:image\/svg+xml;base64,PHN2ZyB3aWR0aD0iMSIgaGVpZ2h0PSIxIiB4bWxucz0iaHR0cDovL3d3dy53My5vcmcvMjAwMC9zdmciPjwvc3ZnPg==\" style=\"--smush-placeholder-width: 50px; --smush-placeholder-aspect-ratio: 50\/50;\"><\/div><div class=\"rpi-flx rpi-col6\"><a href=\"https:\/\/www.google.com\/maps\/contrib\/116635667528500699382\/reviews\" class=\"wp-google-name\" target=\"_blank\" rel=\"nofollow noopener\">joep de weijer<\/a><div class=\"wp-google-time\" data-time=\"1700333794\">18:56 18 Nov 23<\/div><\/div><\/div><span class=\"rpi-stars\" style=\"--rating:5\"><\/span><div class=\"rpi-flx rpi-col4\"><div class=\"wp-google-feedback grw-scroll\" ><span class=\"wp-google-text\">Snelle en goede service. Na het updaten van mijn navigatie systeem alle problemen verholpen.<\/span><\/div><\/div><svg height=\"16\" width=\"16\" role=\"none\"><use href=\"#grw-google\"\/><\/svg><\/div><\/div><div class=\"rpi-slide grw-review\"><div class=\"rpi-flx rpi-col12 grw-review-inner grw-backgnd\"><div class=\"rpi-flx rpi-row12-center\"><div class=\"grw-img-wrap\"><img decoding=\"async\" class=\"grw-img lazyload\" alt=\"Adam Van Zuabi profile picture\" width=\"50\" height=\"50\" onerror=\"if(this.src!='https:\/\/www.elektrofix.nl\/wp-content\/plugins\/widget-google-reviews\/assets\/img\/guest.png')this.data-src='https:\/\/www.elektrofix.nl\/wp-content\/plugins\/widget-google-reviews\/assets\/img\/guest.png';\"  src=\"data:image\/svg+xml;base64,PHN2ZyB3aWR0aD0iMSIgaGVpZ2h0PSIxIiB4bWxucz0iaHR0cDovL3d3dy53My5vcmcvMjAwMC9zdmciPjwvc3ZnPg==\" style=\"--smush-placeholder-width: 50px; --smush-placeholder-aspect-ratio: 50\/50;\"><\/div><div class=\"rpi-flx rpi-col6\"><a href=\"https:\/\/www.google.com\/maps\/contrib\/107119102149815788912\/reviews\" class=\"wp-google-name\" target=\"_blank\" rel=\"nofollow noopener\">Adam Van Zuabi<\/a><div class=\"wp-google-time\" data-time=\"1695120628\">10:50 19 Sep 23<\/div><\/div><\/div><span class=\"rpi-stars\" style=\"--rating:5\"><\/span><div class=\"rpi-flx rpi-col4\"><div class=\"wp-google-feedback grw-scroll\" ><span class=\"wp-google-text\">Carplay geactiveerd op 5 serie 2018 voor een lage prijs, bij de bmw portaal is het 3x duurder als bij Sinan<\/span><\/div><\/div><svg height=\"16\" width=\"16\" role=\"none\"><use href=\"#grw-google\"\/><\/svg><\/div><\/div><div class=\"rpi-slide grw-review\"><div class=\"rpi-flx rpi-col12 grw-review-inner grw-backgnd\"><div class=\"rpi-flx rpi-row12-center\"><div class=\"grw-img-wrap\"><img decoding=\"async\" class=\"grw-img lazyload\" alt=\"John Nooyen profile picture\" width=\"50\" height=\"50\" onerror=\"if(this.src!='https:\/\/www.elektrofix.nl\/wp-content\/plugins\/widget-google-reviews\/assets\/img\/guest.png')this.data-src='https:\/\/www.elektrofix.nl\/wp-content\/plugins\/widget-google-reviews\/assets\/img\/guest.png';\"  src=\"data:image\/svg+xml;base64,PHN2ZyB3aWR0aD0iMSIgaGVpZ2h0PSIxIiB4bWxucz0iaHR0cDovL3d3dy53My5vcmcvMjAwMC9zdmciPjwvc3ZnPg==\" style=\"--smush-placeholder-width: 50px; --smush-placeholder-aspect-ratio: 50\/50;\"><\/div><div class=\"rpi-flx rpi-col6\"><a href=\"https:\/\/www.google.com\/maps\/contrib\/114673590639119583277\/reviews\" class=\"wp-google-name\" target=\"_blank\" rel=\"nofollow noopener\">John Nooyen<\/a><div class=\"wp-google-time\" data-time=\"1689096648\">17:30 11 Jul 23<\/div><\/div><\/div><span class=\"rpi-stars\" style=\"--rating:5\"><\/span><div class=\"rpi-flx rpi-col4\"><div class=\"wp-google-feedback grw-scroll\" ><span class=\"wp-google-text\">Heel tevreden. Scherm van onze discovery media gen2 in de vw sharan bleek gedeeltelijk niet meer te reageren. Na een offerteaanvraag via website een afspraak gemaakt. 5 kwartier rijden en na drie uur in de omgeving te hebben gewandeld bleek dat een gedeelte nog steeds niet werkte. Radio bij Sinan gelaten om na 2 dagen deze weer te laten inbouwen. Werkt nu 100%. Top service bedankt Sinan.<\/span><\/div><\/div><svg height=\"16\" width=\"16\" role=\"none\"><use href=\"#grw-google\"\/><\/svg><\/div><\/div><div class=\"rpi-slide grw-review\"><div class=\"rpi-flx rpi-col12 grw-review-inner grw-backgnd\"><div class=\"rpi-flx rpi-row12-center\"><div class=\"grw-img-wrap\"><img decoding=\"async\" class=\"grw-img lazyload\" alt=\"Hiddo profile picture\" width=\"50\" height=\"50\" onerror=\"if(this.src!='https:\/\/www.elektrofix.nl\/wp-content\/plugins\/widget-google-reviews\/assets\/img\/guest.png')this.data-src='https:\/\/www.elektrofix.nl\/wp-content\/plugins\/widget-google-reviews\/assets\/img\/guest.png';\"  src=\"data:image\/svg+xml;base64,PHN2ZyB3aWR0aD0iMSIgaGVpZ2h0PSIxIiB4bWxucz0iaHR0cDovL3d3dy53My5vcmcvMjAwMC9zdmciPjwvc3ZnPg==\" style=\"--smush-placeholder-width: 50px; --smush-placeholder-aspect-ratio: 50\/50;\"><\/div><div class=\"rpi-flx rpi-col6\"><a href=\"https:\/\/www.google.com\/maps\/contrib\/116166147524460970895\/reviews\" class=\"wp-google-name\" target=\"_blank\" rel=\"nofollow noopener\">Hiddo<\/a><div class=\"wp-google-time\" data-time=\"1671031618\">15:26 14 Dec 22<\/div><\/div><\/div><span class=\"rpi-stars\" style=\"--rating:5\"><\/span><div class=\"rpi-flx rpi-col4\"><div class=\"wp-google-feedback grw-scroll\" ><span class=\"wp-google-text\">Prima zaak zeker aan te bevelen.<br \/>Onze opel astra had het radio\/navigatie scherm stuk. Vol met zwarte lijnen<br \/>Snel en vakkundig vervangen voor een goede prijs.<br \/>Bedankt Sinan.<br \/>Super gedaan.<\/span><\/div><\/div><svg height=\"16\" width=\"16\" role=\"none\"><use href=\"#grw-google\"\/><\/svg><\/div><\/div><\/div><button class=\"rpi-ltgt rpi-gt grw-next\" tabindex=\"0\"><\/button><div class=\"rpi-dots-wrap\"><div class=\"rpi-dots\"><\/div><\/div><\/div><\/div><\/div><script>(function(p){if(!p)return;let w=p.offsetWidth,m=function(a,b){return Math.min(a,b)===a};p.querySelector('.grw-row').classList.replace('grw-row-m','grw-row-'+(m(w,510)?'xs':m(w,750)?'x':m(w,1100)?'s':m(w,1450)?'m':m(w,1800)?'l':'xl'))})(document.currentScript?.parentElement)<\/script><\/div>[\/vc_column_text][\/vc_column][\/vc_row]<\/p>\n","protected":false},"excerpt":{"rendered":"<p>[vc_row full_width=&#8220;stretch_row&#8220; css=&#8220;.vc_custom_1612202182063{padding-top: 30px !important;padding-bottom: 15px !important;}&#8220;][vc_column css=&#8220;.vc_custom_1612180223540{padding-top: 0px !important;padding-bottom: 0px !important;}&#8220;][vc_column_text] BMW MGU iD7 iD8 HW18 HW21 Navigationsreparaturen f\u00fcr G-Serie mit CP Virgin Reset<a class=\"moretag\" href=\"https:\/\/www.elektrofix.nl\/de\/bmw-de\/bmw-mgu-navigationsreparatur-und-bmw-g-serie-navigationsloesungen\/\">&#8230;<\/a><\/p>\n","protected":false},"author":3,"featured_media":0,"comment_status":"closed","ping_status":"closed","sticky":false,"template":"","format":"standard","meta":{"footnotes":""},"categories":[168],"tags":[255,170,253,259,251,252,172,256,258,254,260,176,226,261,262,265,263,264,257,174],"class_list":["post-7658","post","type-post","status-publish","format-standard","hentry","category-bmw-de","tag-bauteil-schutz","tag-bmw-de","tag-bmw-g-serie-de","tag-bmw-g-serie-navigation","tag-bmw-mgu-de","tag-bmw-mgu-reperation-de","tag-bmw-navigation-repair","tag-cp-de","tag-fsc-import-de","tag-g-serie-de","tag-hdd-ersatz","tag-hdd-reperation-de","tag-id6-de","tag-id7-de","tag-id8-de","tag-mgu-codierung","tag-mgu-flashen-de","tag-mgu-programmierung","tag-remove-cp-de","tag-reparatur-der-navigation"],"_links":{"self":[{"href":"https:\/\/www.elektrofix.nl\/de\/wp-json\/wp\/v2\/posts\/7658","targetHints":{"allow":["GET"]}}],"collection":[{"href":"https:\/\/www.elektrofix.nl\/de\/wp-json\/wp\/v2\/posts"}],"about":[{"href":"https:\/\/www.elektrofix.nl\/de\/wp-json\/wp\/v2\/types\/post"}],"author":[{"embeddable":true,"href":"https:\/\/www.elektrofix.nl\/de\/wp-json\/wp\/v2\/users\/3"}],"replies":[{"embeddable":true,"href":"https:\/\/www.elektrofix.nl\/de\/wp-json\/wp\/v2\/comments?post=7658"}],"version-history":[{"count":2,"href":"https:\/\/www.elektrofix.nl\/de\/wp-json\/wp\/v2\/posts\/7658\/revisions"}],"predecessor-version":[{"id":8263,"href":"https:\/\/www.elektrofix.nl\/de\/wp-json\/wp\/v2\/posts\/7658\/revisions\/8263"}],"wp:attachment":[{"href":"https:\/\/www.elektrofix.nl\/de\/wp-json\/wp\/v2\/media?parent=7658"}],"wp:term":[{"taxonomy":"category","embeddable":true,"href":"https:\/\/www.elektrofix.nl\/de\/wp-json\/wp\/v2\/categories?post=7658"},{"taxonomy":"post_tag","embeddable":true,"href":"https:\/\/www.elektrofix.nl\/de\/wp-json\/wp\/v2\/tags?post=7658"}],"curies":[{"name":"wp","href":"https:\/\/api.w.org\/{rel}","templated":true}]}}