{"id":7650,"date":"2024-02-19T10:18:31","date_gmt":"2024-02-19T09:18:31","guid":{"rendered":"https:\/\/www.elektrofix.nl\/unkategorisiert\/bmw-nbt-evo-reparatur\/"},"modified":"2024-03-20T10:32:49","modified_gmt":"2024-03-20T09:32:49","slug":"bmw-nbt-evo-reparatur","status":"publish","type":"post","link":"https:\/\/www.elektrofix.nl\/de\/bmw-de\/bmw-nbt-evo-reparatur\/","title":{"rendered":"BMW NBT Evo Reparatur"},"content":{"rendered":"<p>[vc_row full_width=&#8220;stretch_row&#8220; css=&#8220;.vc_custom_1612202182063{padding-top: 30px !important;padding-bottom: 15px !important;}&#8220;][vc_column css=&#8220;.vc_custom_1612180223540{padding-top: 0px !important;padding-bottom: 0px !important;}&#8220;][vc_column_text]<\/p>\n<h2>Professionelle BMW NBT Evo Reparatur<\/h2>\n<p>Haben Sie Probleme mit Ihrem BMW NBT Evo Steuerger\u00e4t? F\u00fcr eine fachgerechte Reparatur k\u00f6nnen Sie sich schnell an Elektrofix wenden. Wir bieten 100%ige Reparatur f\u00fcr alle NBT Evo auf den folgenden BMW-Modellen:<\/p>\n<ul>\n<li>BMW 1er F20\/F21 &#8211; 03\/2015 -.<\/li>\n<li>BMW 2er F22 &#8211; 03\/2015 -.<\/li>\n<li>BMW 2er F23 &#8211; 11\/2014 -.<\/li>\n<li>BMW 3er F30\/F31\/F34\/F80 &#8211; 07\/2015 -.<\/li>\n<li>BMW 4er F32\/F33\/F36 &#8211; 07\/2015 -.<\/li>\n<li>BMW 5er G30 &#8211; 10\/2016 -.<\/li>\n<li>BMW 6er F06\/F12\/F13 &#8211; 03\/2013 -.<u><\/u><\/li>\n<\/ul>\n<p>Wenn Sie mit dem Auto vorbeikommen, haben wir die Reparatur innerhalb von 1 bis 3 Stunden erledigt. Einschlie\u00dflich Einbau und Codierung der Navigation mit der Originalausr\u00fcstung.[\/vc_column_text][vc_btn title=&#8220;Angebot anfordern&#8220; style=&#8220;custom&#8220; custom_text=&#8220;#666666&#8243; el_class=&#8220;white-btn&#8220; link=&#8220;url:%2Fde%2Fkontakt%2F|title:Contact|target:%20_blank|rel:nofollow&#8220;][\/vc_column][\/vc_row][vc_row][vc_column][vc_gallery type=&#8220;flexslider_slide&#8220; interval=&#8220;5&#8243; images=&#8220;4148,4144,4147,4145,4146&#8243; img_size=&#8220;full&#8220; onclick=&#8220;&#8220;][\/vc_column][\/vc_row][vc_row full_width=&#8220;stretch_row&#8220; css=&#8220;.vc_custom_1612202018327{padding-top: 50px !important;padding-bottom: 15px !important;}&#8220;][vc_column css=&#8220;.vc_custom_1612180223540{padding-top: 0px !important;padding-bottom: 0px !important;}&#8220;][vc_column_text]<\/p>\n<h2>H\u00e4ufige Probleme mit der BMW CCC-Navigation<\/h2>\n<p>Leiden Sie unter einem der folgenden Probleme? Elektrofix kann helfen. Sie brauchen das Auto nicht vorbeizubringen. Bei Elektrofix ist es auch m\u00f6glich, das Ger\u00e4t per Post zur Reparatur einzusenden. Sie tun dies mit unserem <strong><a style=\"color: #1f71b8;\" title=\"Reparatur Formular\" href=\"https:\/\/www.elektrofix.nl\/wp-content\/uploads\/Elektrofix-reparatieformulier-interactief-de.pdf\" target=\"_blank\" rel=\"noopener\">Reparaturformular<\/a>.<\/strong><\/p>\n<ul>\n<li>Die Navigation bleibt auf dem Ladebildschirm h\u00e4ngen, und auf dem Display erscheint die Meldung &#8222;Ladevorgang l\u00e4uft&#8220;.<\/li>\n<li>Der gesamte Bildschirm ist schwarz oder zeigt kein Bild<\/li>\n<li>BMW-Logo auf dem Bildschirm scheint festzustecken<\/li>\n<li>Die Navigation startet regelm\u00e4\u00dfig neu und funktioniert nur ein paar Minuten lang, bevor sie neu gestartet wird.<\/li>\n<li>NBT evo iDrive startet nicht oder funktioniert \u00fcberhaupt nicht<\/li>\n<li>Das Navigationssystem reagiert \u00fcberhaupt nicht<\/li>\n<li>Das Navigationssystem startet nicht oder nur langsam, wenn das System warm ist<\/li>\n<li>Kein Ton oder Tonaussetzer w\u00e4hrend der Fahrt<\/li>\n<li>Kodierungsprobleme oder falsche Kodierung<\/li>\n<li>Kann keine DVD oder CD lesen<\/li>\n<li>Das Navigationsmen\u00fc ist nicht aktiv oder funktioniert nicht richtig.<\/li>\n<li>Apple CarPlay funktioniert nicht richtig<\/li>\n<\/ul>\n<p>Wenn eines der oben genannten Probleme mit Ihrem NBT Evo-Hauptger\u00e4t auftritt, ist es wichtig, dass Sie es so schnell wie m\u00f6glich reparieren lassen. So k\u00f6nnen Sie weitere Probleme vermeiden und sicherstellen, dass Ihr Fahrerlebnis nicht beeintr\u00e4chtigt wird. Elektrofix hilft Ihnen mit zuverl\u00e4ssigen und effizienten Reparaturen, damit Ihr NBT evo wieder die optimale Leistung bringt.<\/p>\n<p>Wir reparieren auch andere Marken von Navigationsger\u00e4ten, CD- und DVD-Wechslern usw. Von fast allen Automarken.[\/vc_column_text][vc_btn title=&#8220;Weitere Informationen zur Reparatur von Autonavigationssystemen&#8220; style=&#8220;3d&#8220; color=&#8220;primary&#8220; link=&#8220;url:%2Fde%2Freparatur-der-autonavigation%2F|title:Autonavigatie%20Reparatie|target:%20_blank|rel:nofollow&#8220;][vc_column_text]<\/p>\n<h2>Senden Sie Ihr BMW NBT Evo Navigationssystem zur Reparatur ein<\/h2>\n<p title=\"Bmw apple carplay aktivieren evo id5 id6 navigation\">Sie m\u00f6chten wissen, wie Sie Ihr BMW NBT Evo Navigationssystem zur Reparatur einreichen k\u00f6nnen? Im Folgenden erl\u00e4utern wir dies:<\/p>\n<p class=\"title\" title=\"Bmw apple carplay aktivieren evo id5 id6 navigation\">1. Sie senden uns Ihr Ger\u00e4t mit dem ausgef\u00fcllten <strong><br \/>\n<a style=\"color: #1f71b8;\" title=\"Reparatur Formular\" href=\"https:\/\/www.elektrofix.nl\/wp-content\/uploads\/Elektrofix-reparatieformulier-interactief-de.pdf\" target=\"_blank\" rel=\"noopener\">Reparaturformular<\/a><br \/>\n<\/strong>. Vergessen Sie nicht, Ihren Namen, Ihre Adresse und Ihre Telefonnummer anzugeben und Ihre Sendung gut zu verpacken, damit die Waren nicht besch\u00e4digt werden.<br \/>\n2. Wir werden Ihr Ger\u00e4t nach M\u00f6glichkeit reparieren. Haben Sie bereits einen Termin f\u00fcr eine Reparatur vor Ort vereinbart? Dies dauert dann in der Regel 2 Stunden. Ohne einen Termin dauert es 1-2 Tage, bis Ihr Ger\u00e4t repariert werden kann.<br \/>\n3. Das Ger\u00e4t wird an Sie zur\u00fcckgeschickt. Diese Sendung ist versichert und Sie erhalten einen Track-and-Trace-Code f\u00fcr diese Sendung.<br \/>\n4. Die Zahlung erfolgt nach der Reparatur per Bank\u00fcberweisung.<br \/>\n5. Wir schicken das Paket in der gleichen Verpackung zur\u00fcck, in der es angekommen ist.<\/p>\n<p>[\/vc_column_text][vc_column_text]<\/p>\n<h3 title=\"Bmw apple carplay aktivieren evo id5 id6 navigation\">Reparatur-Garantie<\/h3>\n<p>Wir bieten standardm\u00e4\u00dfig eine 1-Jahres-Garantie auf alle unsere Reparaturen.[\/vc_column_text][\/vc_column][\/vc_row][vc_row full_width=&#8220;stretch_row&#8220; css=&#8220;.vc_custom_1612199972923{margin-top: 50px !important;margin-bottom: 50px !important;padding-top: 0px !important;padding-bottom: 0px !important;background-image: url(https:\/\/www.elektrofix.nl\/wp-content\/uploads\/pexels-ingo-joseph-13781-1.png?id=250) !important;background-position: center !important;background-repeat: no-repeat !important;background-size: cover !important;}&#8220; el_class=&#8220;cta-box&#8220;][vc_column css=&#8220;.vc_custom_1612180223540{padding-top: 0px !important;padding-bottom: 0px !important;}&#8220;][vc_row_inner equal_height=&#8220;yes&#8220; content_placement=&#8220;middle&#8220; css=&#8220;.vc_custom_1612260140510{padding-top: 0px !important;padding-bottom: 0px !important;}&#8220;][vc_column_inner el_class=&#8220;cta-gradient-box&#8220; width=&#8220;1\/2&#8243; css=&#8220;.vc_custom_1612200066371{padding-top: 65px !important;padding-bottom: 35px !important;}&#8220;][vc_column_text]<\/p>\n<h2>Sie m\u00f6chten den Preis f\u00fcr eine Reparatur im Voraus wissen? Angebot einholen:<\/h2>\n<p>[\/vc_column_text][vc_btn title=&#8220;Angebot anfordern&#8220; style=&#8220;custom&#8220; custom_text=&#8220;#666666&#8243; el_class=&#8220;white-btn&#8220; link=&#8220;url:%2Fde%2Fkontakt%2F|title:Contact|target:%20_blank|rel:nofollow&#8220;][\/vc_column_inner][vc_column_inner width=&#8220;1\/2&#8243; css=&#8220;.vc_custom_1612180248955{padding-top: 0px !important;padding-bottom: 0px !important;}&#8220;][\/vc_column_inner][\/vc_row_inner][\/vc_column][\/vc_row][vc_row][vc_column][vc_column_text][trustindex no-registration=&#8220;google&#8220;][\/vc_column_text][\/vc_column][\/vc_row]<\/p>\n","protected":false},"excerpt":{"rendered":"<p>[vc_row full_width=&#8220;stretch_row&#8220; css=&#8220;.vc_custom_1612202182063{padding-top: 30px !important;padding-bottom: 15px !important;}&#8220;][vc_column css=&#8220;.vc_custom_1612180223540{padding-top: 0px !important;padding-bottom: 0px !important;}&#8220;][vc_column_text] Professionelle BMW NBT Evo Reparatur Haben Sie Probleme mit Ihrem BMW NBT Evo<a class=\"moretag\" href=\"https:\/\/www.elektrofix.nl\/de\/bmw-de\/bmw-nbt-evo-reparatur\/\">&#8230;<\/a><\/p>\n","protected":false},"author":3,"featured_media":0,"comment_status":"closed","ping_status":"closed","sticky":false,"template":"","format":"standard","meta":{"footnotes":""},"categories":[168],"tags":[170,172,224,219,176,227,225,226,218,220,223,221,222,174],"class_list":["post-7650","post","type-post","status-publish","format-standard","hentry","category-bmw-de","tag-bmw-de","tag-bmw-navigation-repair","tag-bmw-nbt-evo-de","tag-bmw-nbt-repair","tag-hdd-reperation-de","tag-id4-de","tag-id5-de","tag-id6-de","tag-nbt-de","tag-nbt-encoding","tag-nbt-evo-de","tag-nbt-flash-de","tag-nbt-programmierung","tag-reparatur-der-navigation"],"_links":{"self":[{"href":"https:\/\/www.elektrofix.nl\/de\/wp-json\/wp\/v2\/posts\/7650","targetHints":{"allow":["GET"]}}],"collection":[{"href":"https:\/\/www.elektrofix.nl\/de\/wp-json\/wp\/v2\/posts"}],"about":[{"href":"https:\/\/www.elektrofix.nl\/de\/wp-json\/wp\/v2\/types\/post"}],"author":[{"embeddable":true,"href":"https:\/\/www.elektrofix.nl\/de\/wp-json\/wp\/v2\/users\/3"}],"replies":[{"embeddable":true,"href":"https:\/\/www.elektrofix.nl\/de\/wp-json\/wp\/v2\/comments?post=7650"}],"version-history":[{"count":4,"href":"https:\/\/www.elektrofix.nl\/de\/wp-json\/wp\/v2\/posts\/7650\/revisions"}],"predecessor-version":[{"id":8259,"href":"https:\/\/www.elektrofix.nl\/de\/wp-json\/wp\/v2\/posts\/7650\/revisions\/8259"}],"wp:attachment":[{"href":"https:\/\/www.elektrofix.nl\/de\/wp-json\/wp\/v2\/media?parent=7650"}],"wp:term":[{"taxonomy":"category","embeddable":true,"href":"https:\/\/www.elektrofix.nl\/de\/wp-json\/wp\/v2\/categories?post=7650"},{"taxonomy":"post_tag","embeddable":true,"href":"https:\/\/www.elektrofix.nl\/de\/wp-json\/wp\/v2\/tags?post=7650"}],"curies":[{"name":"wp","href":"https:\/\/api.w.org\/{rel}","templated":true}]}}