{"id":7643,"date":"2024-02-19T10:18:27","date_gmt":"2024-02-19T09:18:27","guid":{"rendered":"https:\/\/www.elektrofix.nl\/unkategorisiert\/bmw-cic-navigation-reparatur\/"},"modified":"2024-03-20T10:29:13","modified_gmt":"2024-03-20T09:29:13","slug":"bmw-cic-navigation-reparatur","status":"publish","type":"post","link":"https:\/\/www.elektrofix.nl\/de\/bmw-de\/bmw-cic-navigation-reparatur\/","title":{"rendered":"BMW CIC Navigation Reparatur"},"content":{"rendered":"<p>[vc_row full_width=&#8220;stretch_row&#8220; css=&#8220;.vc_custom_1612202182063{padding-top: 30px !important;padding-bottom: 15px !important;}&#8220;][vc_column css=&#8220;.vc_custom_1612180223540{padding-top: 0px !important;padding-bottom: 0px !important;}&#8220;][vc_column_text]<\/p>\n<h2 id=\"title\" class=\"title\" title=\"Bmw apple carplay aktivieren evo id5 id6 navigation\"><strong>Bmw CIC Navigation Reparatur<\/strong><\/h2>\n<p>Haben Sie Probleme mit Ihrem BMW CIC Profess\u0131onal iDrive Steuerger\u00e4t? Elektrofix hilft Ihnen mit professioneller BMW CIC Navigationsreparatur! Unser Team von qualifizierten Technikern ist auf die Reparatur von CIC-Einheiten f\u00fcr BMW-Modelle spezialisiert,<\/p>\n<p>Wir reparieren CIC-Module f\u00fcr alle kompatiblen BMW-Modelle:<\/p>\n<ul>\n<li>BMW 1er Reihe 2008-2012 (E81, E82, E87, E88)<\/li>\n<li>BMW 1er Reihe 2012-2013 (F20, F21)<\/li>\n<li>BMW 3er Serie 2008-2012 (E90, E91, E92, E93)<\/li>\n<li>BMW 3er Reihe 2012-2013 (F30, F31, F80)<\/li>\n<li>BMW 4 Ser\u0131e 2012-2013 (F34)<\/li>\n<li>BMW 5er Reihe 2008-2010 (E60, E61)<\/li>\n<li>BMW 5er Reihe 2010-2013 (F7, F10, F11)<\/li>\n<li>BMW 6er Reihe 2008-2010 (E63, E64)<\/li>\n<li>BMW 7er Serie 2008-2010 (E65, E66, E67, E68)<\/li>\n<li>BMW 7er Reihe 2010-2013 (F01, F02)<\/li>\n<li>BMW X1 E84<\/li>\n<li>BMW X3 F25<\/li>\n<li>BMW X5 E70<\/li>\n<li>BMW X6 E71<\/li>\n<\/ul>\n<p>Wenn Sie mit dem Auto vorbeikommen, haben wir die Reparatur innerhalb von 1 bis 3 Stunden erledigt. Einschlie\u00dflich Einbau und Codierung der Navigation mit der Originalausr\u00fcstung.[\/vc_column_text][vc_btn title=&#8220;Angebot anfordern&#8220; style=&#8220;custom&#8220; custom_text=&#8220;#666666&#8243; el_class=&#8220;white-btn&#8220; link=&#8220;url:%2Fde%2Fkontakt%2F|title:Contact|target:%20_blank|rel:nofollow&#8220;][\/vc_column][\/vc_row][vc_row][vc_column][vc_gallery type=&#8220;flexslider_slide&#8220; interval=&#8220;5&#8243; images=&#8220;4162,4161,4163&#8243; img_size=&#8220;full&#8220; onclick=&#8220;&#8220;][\/vc_column][\/vc_row][vc_row full_width=&#8220;stretch_row&#8220; css=&#8220;.vc_custom_1612202018327{padding-top: 50px !important;padding-bottom: 15px !important;}&#8220;][vc_column css=&#8220;.vc_custom_1612180223540{padding-top: 0px !important;padding-bottom: 0px !important;}&#8220;][vc_column_text]<\/p>\n<h2>Probleme mit Ihrem BMW CIC-Hauptger\u00e4t?<\/h2>\n<p>Wir von Elektrofix wissen, wie frustrierend es sein kann, wenn Ihr CIC Professional nicht richtig funktioniert. Deshalb bieten wir schnelle und zuverl\u00e4ssige Reparaturen an, damit Ihr Hauptger\u00e4t wieder einwandfrei funktioniert. Egal, ob Ihr Ger\u00e4t auf dem Ladebildschirm h\u00e4ngen bleibt, Stromausf\u00e4lle hat, neu startet oder Probleme mit der Navigation oder dem Ton hat. Unser Team verf\u00fcgt \u00fcber das Fachwissen, um das Problem zu diagnostizieren und zu l\u00f6sen.<\/p>\n<p>Im Folgenden finden Sie einige h\u00e4ufige Probleme, die wir beheben k\u00f6nnen:<\/p>\n<ul>\n<li>Das CIC iDrive startet immer wieder neu oder wechselt zwischen dem BMW-Logo und einem schwarzen Bildschirm;<\/li>\n<li>Das CIC iDrive ist nur an bestimmten Tagen voll funktionsf\u00e4hig oder funktioniert nur bei bestimmten Temperaturen;<\/li>\n<li>Das CIC iDrive funktioniert \u00fcberhaupt nicht oder das Display ist schwarz;<\/li>\n<li>Die Navigationsfunktion ist deaktiviert;<\/li>\n<li>Das CIC kann keine Discs lesen;<\/li>\n<li>Das CIC springt nicht vollst\u00e4ndig an oder bleibt auf dem BMW-Logo stehen;<\/li>\n<li>Die Anzeige (CID) wird von Zeit zu Zeit schwarz\/rot oder bleibt dauerhaft schwarz\/rot;<\/li>\n<li>Das Navigationsmen\u00fc ist nicht aktiv.<\/li>\n<\/ul>\n<p>Wenn Sie eines dieser Probleme mit Ihrem CIC Profess\u0131onal Hauptger\u00e4t feststellen, ist es wichtig, dass Sie es so schnell wie m\u00f6glich reparieren lassen, um weitere Probleme zu vermeiden und sicherzustellen, dass Ihr Fahrerlebnis nicht beeintr\u00e4chtigt wird.[\/vc_column_text][vc_btn title=&#8220;Weitere Informationen zur Reparatur von Autonavigationssystemen&#8220; style=&#8220;3d&#8220; color=&#8220;primary&#8220; link=&#8220;url:%2Fde%2Freparatur-der-autonavigation%2F|title:Autonavigatie%20Reparatie|target:%20_blank|rel:nofollow&#8220;][vc_column_text]<\/p>\n<h2>BMW CIC-Hauptger\u00e4t zur Reparatur einschicken<\/h2>\n<p title=\"Bmw apple carplay aktivieren evo id5 id6 navigation\">Sie m\u00f6chten wissen, wie Sie Ihr BMW CIC Navigationssystem zur Reparatur einreichen k\u00f6nnen? Im Folgenden erl\u00e4utern wir dies:<\/p>\n<p class=\"title\" title=\"Bmw apple carplay aktivieren evo id5 id6 navigation\">1. Sie senden uns Ihr Ger\u00e4t mit dem ausgef\u00fcllten <strong><br \/>\n<a style=\"color: #1f71b8;\" title=\"Reparatur Formular\" href=\"https:\/\/www.elektrofix.nl\/wp-content\/uploads\/Elektrofix-reparatieformulier-interactief-de.pdf\" target=\"_blank\" rel=\"noopener\">Reparaturformular<\/a><br \/>\n<\/strong>. Vergessen Sie nicht, Ihren Namen, Ihre Adresse und Ihre Telefonnummer anzugeben und Ihre Sendung gut zu verpacken, damit die Waren nicht besch\u00e4digt werden.<br \/>\n2. Wir werden Ihr Ger\u00e4t nach M\u00f6glichkeit reparieren. Haben Sie bereits einen Termin f\u00fcr eine Reparatur vor Ort vereinbart? Dies dauert dann in der Regel 2 Stunden. Ohne einen Termin dauert es 1-2 Tage, bis Ihr Ger\u00e4t repariert werden kann.<br \/>\n3. Das Ger\u00e4t wird an Sie zur\u00fcckgeschickt. Diese Sendung ist versichert und Sie erhalten einen Track-and-Trace-Code f\u00fcr diese Sendung.<br \/>\n4. Die Zahlung erfolgt nach der Reparatur per Bank\u00fcberweisung.<br \/>\n5. Wir schicken das Paket in der gleichen Verpackung zur\u00fcck, in der es angekommen ist.<\/p>\n<p>[\/vc_column_text][vc_column_text]<\/p>\n<h3 title=\"Bmw apple carplay aktivieren evo id5 id6 navigation\">Reparatur-Garantie<\/h3>\n<p>Wir bieten standardm\u00e4\u00dfig eine 1-Jahres-Garantie auf alle unsere Reparaturen.[\/vc_column_text][vc_column_text]<\/p>\n<h2>Kontaktieren Sie Elektrofix f\u00fcr die BMW CIC Reparatur<\/h2>\n<p>Wir sind stolz darauf, erstklassigen Service und hochwertige Reparaturen zu bieten. Wie genau funktioniert die Reparatur? Wir beginnen mit der Ermittlung der Problemursache und bieten dann eine kosteneffiziente L\u00f6sung, damit das CIC-Ger\u00e4t wieder optimal funktioniert. Wir stehen mit einer 1-j\u00e4hrigen Zufriedenheitsgarantie hinter unserer Arbeit. Das hei\u00dft, wenn innerhalb des ersten Jahres Probleme mit der Reparatur auftreten, werden wir sie kostenlos beheben. Sie k\u00f6nnen also sicher sein, dass Ihr CIC Profess\u0131onal Hauptger\u00e4t bei Elektrofix in guten H\u00e4nden ist.<\/p>\n<p>Lassen Sie sich Ihr Fahrerlebnis nicht l\u00e4nger durch CIC Profess\u0131onal Head-un\u0131t Probleme verderben. Wenden Sie sich noch heute an Elektrofix, um einen Termin f\u00fcr Ihre Reparatur zu vereinbaren und mit einem voll funktionsf\u00e4higen CIC-Steuerger\u00e4t wieder auf die Stra\u00dfe zu gehen.[\/vc_column_text][\/vc_column][\/vc_row][vc_row full_width=&#8220;stretch_row&#8220; css=&#8220;.vc_custom_1612199972923{margin-top: 50px !important;margin-bottom: 50px !important;padding-top: 0px !important;padding-bottom: 0px !important;background-image: url(https:\/\/www.elektrofix.nl\/wp-content\/uploads\/pexels-ingo-joseph-13781-1.png?id=250) !important;background-position: center !important;background-repeat: no-repeat !important;background-size: cover !important;}&#8220; el_class=&#8220;cta-box&#8220;][vc_column css=&#8220;.vc_custom_1612180223540{padding-top: 0px !important;padding-bottom: 0px !important;}&#8220;][vc_row_inner equal_height=&#8220;yes&#8220; content_placement=&#8220;middle&#8220; css=&#8220;.vc_custom_1612260140510{padding-top: 0px !important;padding-bottom: 0px !important;}&#8220;][vc_column_inner el_class=&#8220;cta-gradient-box&#8220; width=&#8220;1\/2&#8243; css=&#8220;.vc_custom_1612200066371{padding-top: 65px !important;padding-bottom: 35px !important;}&#8220;][vc_column_text]<\/p>\n<h2>Sie m\u00f6chten den Preis f\u00fcr eine Reparatur im Voraus wissen? Angebot einholen:<\/h2>\n<p>[\/vc_column_text][vc_btn title=&#8220;Angebot anfordern&#8220; style=&#8220;custom&#8220; custom_text=&#8220;#666666&#8243; el_class=&#8220;white-btn&#8220; link=&#8220;url:%2Fde%2Fkontakt%2F|title:Contact|target:%20_blank|rel:nofollow&#8220;][\/vc_column_inner][vc_column_inner width=&#8220;1\/2&#8243; css=&#8220;.vc_custom_1612180248955{padding-top: 0px !important;padding-bottom: 0px !important;}&#8220;][\/vc_column_inner][\/vc_row_inner][\/vc_column][\/vc_row][vc_row][vc_column][vc_column_text][trustindex no-registration=&#8220;google&#8220;][\/vc_column_text][\/vc_column][\/vc_row]<\/p>\n","protected":false},"excerpt":{"rendered":"<p>[vc_row full_width=&#8220;stretch_row&#8220; css=&#8220;.vc_custom_1612202182063{padding-top: 30px !important;padding-bottom: 15px !important;}&#8220;][vc_column css=&#8220;.vc_custom_1612180223540{padding-top: 0px !important;padding-bottom: 0px !important;}&#8220;][vc_column_text] Bmw CIC Navigation Reparatur Haben Sie Probleme mit Ihrem BMW CIC Profess\u0131onal iDrive<a class=\"moretag\" href=\"https:\/\/www.elektrofix.nl\/de\/bmw-de\/bmw-cic-navigation-reparatur\/\">&#8230;<\/a><\/p>\n","protected":false},"author":3,"featured_media":0,"comment_status":"closed","ping_status":"closed","sticky":false,"template":"","format":"standard","meta":{"footnotes":""},"categories":[168],"tags":[170,178,172,184,182,186,185,180,176,174],"class_list":["post-7643","post","type-post","status-publish","format-standard","hentry","category-bmw-de","tag-bmw-de","tag-bmw-cic-de","tag-bmw-navigation-repair","tag-cic-blinkend","tag-cic-codierung","tag-cic-professional-de","tag-cic-programmierung","tag-cic-repair","tag-hdd-reperation-de","tag-reparatur-der-navigation"],"_links":{"self":[{"href":"https:\/\/www.elektrofix.nl\/de\/wp-json\/wp\/v2\/posts\/7643","targetHints":{"allow":["GET"]}}],"collection":[{"href":"https:\/\/www.elektrofix.nl\/de\/wp-json\/wp\/v2\/posts"}],"about":[{"href":"https:\/\/www.elektrofix.nl\/de\/wp-json\/wp\/v2\/types\/post"}],"author":[{"embeddable":true,"href":"https:\/\/www.elektrofix.nl\/de\/wp-json\/wp\/v2\/users\/3"}],"replies":[{"embeddable":true,"href":"https:\/\/www.elektrofix.nl\/de\/wp-json\/wp\/v2\/comments?post=7643"}],"version-history":[{"count":2,"href":"https:\/\/www.elektrofix.nl\/de\/wp-json\/wp\/v2\/posts\/7643\/revisions"}],"predecessor-version":[{"id":8255,"href":"https:\/\/www.elektrofix.nl\/de\/wp-json\/wp\/v2\/posts\/7643\/revisions\/8255"}],"wp:attachment":[{"href":"https:\/\/www.elektrofix.nl\/de\/wp-json\/wp\/v2\/media?parent=7643"}],"wp:term":[{"taxonomy":"category","embeddable":true,"href":"https:\/\/www.elektrofix.nl\/de\/wp-json\/wp\/v2\/categories?post=7643"},{"taxonomy":"post_tag","embeddable":true,"href":"https:\/\/www.elektrofix.nl\/de\/wp-json\/wp\/v2\/tags?post=7643"}],"curies":[{"name":"wp","href":"https:\/\/api.w.org\/{rel}","templated":true}]}}